{"id":10031,"date":"2022-10-25T00:00:28","date_gmt":"2022-10-25T02:00:28","guid":{"rendered":"https:\/\/ultimato.com.br\/sites\/devocional-diaria\/?p=10031"},"modified":"2022-10-17T14:41:23","modified_gmt":"2022-10-17T16:41:23","slug":"o-poder-e-a-gloria-de-deus-4","status":"publish","type":"post","link":"https:\/\/ultimato.com.br\/sites\/devocional-diaria\/2022\/10\/25\/autor\/elben-cesar\/o-poder-e-a-gloria-de-deus-4\/","title":{"rendered":"O poder e a gl\u00f3ria de Deus"},"content":{"rendered":"<p>Quero contemplar-te no santu\u00e1rio e avistar o teu poder e a tua gl\u00f3ria. (Sl 63.2)<\/p>\n<p>N\u00e3o h\u00e1 aspira\u00e7\u00e3o mais nobre do que querer ver a Deus, n\u00e3o por mera curiosidade, mas por sede interior. O salmista expressa esse desejo for\u00adt\u00edssimo: \u201cQuero contemplar-te no santu\u00e1rio e avistar o teu poder e a tua gl\u00f3ria\u201d (Sl 63.2).<\/p>\n<p>Foi exatamente tal privil\u00e9gio que Filipe pediu a Jesus: \u201cSenhor, mos\u00adtra-nos o Pai, e isso nos basta\u201d (Jo 14.8). Dias antes, alguns pros\u00e9litos gregos haviam pedido ao pr\u00f3prio Filipe: \u201cSenhor, queremos ver Jesus\u201d (Jo 12.20).<\/p>\n<p>Que b\u00ean\u00e7\u00e3o maravilhosa \u00e9 avistar o poder e a gl\u00f3ria de Deus! O poder de Deus \u00e9 enorme, a gl\u00f3ria de Deus \u00e9 majestosa. \u00c9 preciso ver o poder de Deus para eliminar o corre-corre demasiado, o nervosismo, o medo, a pa\u00adralisa\u00e7\u00e3o. \u00c9 preciso ver a gl\u00f3ria de Deus para superar a repulsa de si mesmo e a repulsa dos outros, para sobrepor-se ao des\u00e2nimo e \u00e0 depress\u00e3o.<\/p>\n<p>Jo\u00e3o afirma em seu nome e em nome dos outros ap\u00f3stolos: \u201cVimos a sua gl\u00f3ria, gl\u00f3ria como do Unig\u00eanito vindo do Pai, cheio de gra\u00e7a e de verdade\u201d (Jo 1.14). Ele se refere \u00e0 cena da transfigura\u00e7\u00e3o de Jesus (Mt 17.1-13). A gl\u00f3ria e o poder de Jesus ser\u00e3o vistos por toda a humani\u00addade por ocasi\u00e3o da par\u00fasia: \u201cTodas as na\u00e7\u00f5es da terra se lamentar\u00e3o e ver\u00e3o o Filho do homem vindo nas nuvens do c\u00e9u com poder e grande gl\u00f3ria\u201d (Mt 24.30).<strong>\u00a0<\/strong><\/p>\n<p><strong>\u00a0<\/strong><\/p>\n<p><strong>&gt;&gt; Retirado de\u00a0<em><a href=\"https:\/\/www.ultimato.com.br\/loja\/produtos\/um-ano-com-os-salmos\">Um Ano com os Salmos<\/a><\/em> [Elben C\u00e9sar]. Editora Ultimato.<\/strong><strong>\u00a0<\/strong><\/p>\n<p>Ou\u00e7a as nossas devocionais pelo <a href=\"https:\/\/open.spotify.com\/show\/7CG8DL9dgWZEgPzX3rnk51?si=1dbGejI2TQS16eamNjb2rA\">Spotify<\/a>!<\/p>\n","protected":false},"excerpt":{"rendered":"<p>Quero contemplar-te no santu\u00e1rio e avistar o teu poder e a tua gl\u00f3ria. (Sl 63.2) N\u00e3o h\u00e1 aspira\u00e7\u00e3o mais nobre do que querer ver a Deus, n\u00e3o por mera curiosidade, mas por sede interior. O salmista expressa esse desejo for\u00adt\u00edssimo: \u201cQuero contemplar-te no santu\u00e1rio e avistar o teu poder e a tua gl\u00f3ria\u201d (Sl 63.2). [&hellip;]<\/p>\n","protected":false},"author":21,"featured_media":164,"comment_status":"open","ping_status":"open","sticky":false,"template":"","format":"standard","meta":{"ngg_post_thumbnail":0,"footnotes":""},"categories":[5478],"tags":[],"class_list":["post-10031","post","type-post","status-publish","format-standard","has-post-thumbnail","hentry","category-elben-cesar"],"publishpress_future_action":{"enabled":false,"date":"2026-05-05 03:52:43","action":"change-status","newStatus":"draft","terms":[],"taxonomy":"category","extraData":[]},"publishpress_future_workflow_manual_trigger":{"enabledWorkflows":[]},"_links":{"self":[{"href":"https:\/\/ultimato.com.br\/sites\/devocional-diaria\/wp-json\/wp\/v2\/posts\/10031","targetHints":{"allow":["GET"]}}],"collection":[{"href":"https:\/\/ultimato.com.br\/sites\/devocional-diaria\/wp-json\/wp\/v2\/posts"}],"about":[{"href":"https:\/\/ultimato.com.br\/sites\/devocional-diaria\/wp-json\/wp\/v2\/types\/post"}],"author":[{"embeddable":true,"href":"https:\/\/ultimato.com.br\/sites\/devocional-diaria\/wp-json\/wp\/v2\/users\/21"}],"replies":[{"embeddable":true,"href":"https:\/\/ultimato.com.br\/sites\/devocional-diaria\/wp-json\/wp\/v2\/comments?post=10031"}],"version-history":[{"count":1,"href":"https:\/\/ultimato.com.br\/sites\/devocional-diaria\/wp-json\/wp\/v2\/posts\/10031\/revisions"}],"predecessor-version":[{"id":10032,"href":"https:\/\/ultimato.com.br\/sites\/devocional-diaria\/wp-json\/wp\/v2\/posts\/10031\/revisions\/10032"}],"wp:featuredmedia":[{"embeddable":true,"href":"https:\/\/ultimato.com.br\/sites\/devocional-diaria\/wp-json\/wp\/v2\/media\/164"}],"wp:attachment":[{"href":"https:\/\/ultimato.com.br\/sites\/devocional-diaria\/wp-json\/wp\/v2\/media?parent=10031"}],"wp:term":[{"taxonomy":"category","embeddable":true,"href":"https:\/\/ultimato.com.br\/sites\/devocional-diaria\/wp-json\/wp\/v2\/categories?post=10031"},{"taxonomy":"post_tag","embeddable":true,"href":"https:\/\/ultimato.com.br\/sites\/devocional-diaria\/wp-json\/wp\/v2\/tags?post=10031"}],"curies":[{"name":"wp","href":"https:\/\/api.w.org\/{rel}","templated":true}]}}