{"id":10029,"date":"2022-10-24T00:00:34","date_gmt":"2022-10-24T02:00:34","guid":{"rendered":"https:\/\/ultimato.com.br\/sites\/devocional-diaria\/?p=10029"},"modified":"2022-10-17T14:38:26","modified_gmt":"2022-10-17T16:38:26","slug":"jesus-o-glorificador","status":"publish","type":"post","link":"https:\/\/ultimato.com.br\/sites\/devocional-diaria\/2022\/10\/24\/autor\/elben-cesar\/jesus-o-glorificador\/","title":{"rendered":"Jesus, o glorificador"},"content":{"rendered":"<p>Ainda n\u00e3o se manifestou o que haveremos de ser. Sabemos que, quando ele se manifestar, seremos semelhantes a ele. (1 Jo\u00e3o 3.2)<\/p>\n<p>Talvez ainda n\u00e3o tenhamos consci\u00eancia do fato ou n\u00e3o acreditemos. Mas \u00e9 pura verdade: Jesus transformar\u00e1 nosso corpo atual para ser igual ao seu pr\u00f3prio corpo glorioso. Ele far\u00e1 isso em sua volta, pela \u201cefic\u00e1cia do poder que ele tem de at\u00e9 subordinar a si todas as coi\u00adsas\u201d (Fp 3.20-21). \u00c9 uma quest\u00e3o de palavra. N\u00e3o podemos nos deixar influenciar pela cultura secular em que vivemos. N\u00e3o podemos desper\u00addi\u00e7ar essa esperan\u00e7a maravilhosa. Aguentemos firmes os sofrimentos do tempo presente, olhando para essa promessa. N\u00e3o \u00e9 promessa de homem. \u00c9 promessa de Deus.<\/p>\n<p>Tamanha esperan\u00e7a \u00e9 mencionada com precis\u00e3o, com clareza, com insist\u00eancia. Na Ep\u00edstola aos Romanos, Paulo diz que os que Deus de antem\u00e3o conheceu, \u201ctamb\u00e9m os predestinou para serem conformes \u00e0 imagem de seu filho\u201d (Rm 8.29). Em outra Ep\u00edstola, o mesmo ap\u00f3s\u00adtolo repete que os salvos foram chamados \u201ca fim de tomarem posse da gl\u00f3ria do nosso Senhor Jesus Cristo\u201d (2Ts 2.14, NVI). Os ap\u00f3stolos tinham essa certeza: \u201cSabemos que, quando ele se manifestar, seremos semelhantes a ele\u201d (1Jo 3.2).<\/p>\n<p>\u2014 N\u00e3o vou desprezar nem ridicularizar a esperan\u00e7a de um corpo novo, igual ao dele!<strong>\u00a0<\/strong><\/p>\n<p><strong>\u00a0<\/strong><\/p>\n<p><strong>&gt;&gt; Retirado de\u00a0<em><a href=\"https:\/\/www.ultimato.com.br\/loja\/produtos\/refeicoes-diarias-com-jesus\">Refei\u00e7\u00f5es Di\u00e1rias com Jesus<\/a><\/em> [Elben C\u00e9sar]. Editora Ultimato.<\/strong><\/p>\n<p>Ou\u00e7a as nossas devocionais pelo <a href=\"https:\/\/open.spotify.com\/show\/7CG8DL9dgWZEgPzX3rnk51?si=1dbGejI2TQS16eamNjb2rA\">Spotify<\/a>!<\/p>\n","protected":false},"excerpt":{"rendered":"<p>Ainda n\u00e3o se manifestou o que haveremos de ser. Sabemos que, quando ele se manifestar, seremos semelhantes a ele. (1 Jo\u00e3o 3.2) Talvez ainda n\u00e3o tenhamos consci\u00eancia do fato ou n\u00e3o acreditemos. Mas \u00e9 pura verdade: Jesus transformar\u00e1 nosso corpo atual para ser igual ao seu pr\u00f3prio corpo glorioso. Ele far\u00e1 isso em sua volta, [&hellip;]<\/p>\n","protected":false},"author":21,"featured_media":165,"comment_status":"open","ping_status":"open","sticky":false,"template":"","format":"standard","meta":{"ngg_post_thumbnail":0,"footnotes":""},"categories":[5478],"tags":[],"class_list":["post-10029","post","type-post","status-publish","format-standard","has-post-thumbnail","hentry","category-elben-cesar"],"publishpress_future_action":{"enabled":false,"date":"2026-05-05 03:51:58","action":"change-status","newStatus":"draft","terms":[],"taxonomy":"category","extraData":[]},"publishpress_future_workflow_manual_trigger":{"enabledWorkflows":[]},"_links":{"self":[{"href":"https:\/\/ultimato.com.br\/sites\/devocional-diaria\/wp-json\/wp\/v2\/posts\/10029","targetHints":{"allow":["GET"]}}],"collection":[{"href":"https:\/\/ultimato.com.br\/sites\/devocional-diaria\/wp-json\/wp\/v2\/posts"}],"about":[{"href":"https:\/\/ultimato.com.br\/sites\/devocional-diaria\/wp-json\/wp\/v2\/types\/post"}],"author":[{"embeddable":true,"href":"https:\/\/ultimato.com.br\/sites\/devocional-diaria\/wp-json\/wp\/v2\/users\/21"}],"replies":[{"embeddable":true,"href":"https:\/\/ultimato.com.br\/sites\/devocional-diaria\/wp-json\/wp\/v2\/comments?post=10029"}],"version-history":[{"count":1,"href":"https:\/\/ultimato.com.br\/sites\/devocional-diaria\/wp-json\/wp\/v2\/posts\/10029\/revisions"}],"predecessor-version":[{"id":10030,"href":"https:\/\/ultimato.com.br\/sites\/devocional-diaria\/wp-json\/wp\/v2\/posts\/10029\/revisions\/10030"}],"wp:featuredmedia":[{"embeddable":true,"href":"https:\/\/ultimato.com.br\/sites\/devocional-diaria\/wp-json\/wp\/v2\/media\/165"}],"wp:attachment":[{"href":"https:\/\/ultimato.com.br\/sites\/devocional-diaria\/wp-json\/wp\/v2\/media?parent=10029"}],"wp:term":[{"taxonomy":"category","embeddable":true,"href":"https:\/\/ultimato.com.br\/sites\/devocional-diaria\/wp-json\/wp\/v2\/categories?post=10029"},{"taxonomy":"post_tag","embeddable":true,"href":"https:\/\/ultimato.com.br\/sites\/devocional-diaria\/wp-json\/wp\/v2\/tags?post=10029"}],"curies":[{"name":"wp","href":"https:\/\/api.w.org\/{rel}","templated":true}]}}