{"id":10027,"date":"2022-10-21T00:00:56","date_gmt":"2022-10-21T02:00:56","guid":{"rendered":"https:\/\/ultimato.com.br\/sites\/devocional-diaria\/?p=10027"},"modified":"2022-10-13T12:57:35","modified_gmt":"2022-10-13T14:57:35","slug":"a-injustica-que-nem-sempre-nos-incomoda-2","status":"publish","type":"post","link":"https:\/\/ultimato.com.br\/sites\/devocional-diaria\/2022\/10\/21\/autor\/timoteo-carriker\/a-injustica-que-nem-sempre-nos-incomoda-2\/","title":{"rendered":"A injusti\u00e7a que nem sempre nos incomoda"},"content":{"rendered":"<p>Voc\u00ea n\u00e3o dava \u00e1gua para as pessoas cansadas nem comida aos que tinham fome. Voc\u00ea usou a sua posi\u00e7\u00e3o e o seu poder para se tornar o dono da terra. Voc\u00ea roubou e maltratou os \u00f3rf\u00e3os e nunca ajudou as vi\u00favas. (J\u00f3 22.7-9)<\/p>\n<p>Os amigos de J\u00f3 o acusaram falsamente. Parece-nos que eram sinceros, mas\u00a0ainda assim a acusa\u00e7\u00e3o n\u00e3o procedia. No entanto, se a acusa\u00e7\u00e3o era falsa, o\u00a0pressuposto a respeito daquilo que desagrada a Deus estava correto.<\/p>\n<p>De fato, Deus se aborrece de quem pratica injusti\u00e7a de qualquer tipo,\u00a0quer seja enriquecer-se \u00e0 custa do empobrecimento dos outros, deixar de\u00a0demonstrar miseric\u00f3rdia, ou qualquer tipo de explora\u00e7\u00e3o com objetivo de\u00a0tomar posse do poder. Nisso tudo, certos atos eram especialmente graves:\u00a0maltratar os \u00f3rf\u00e3os e a neglig\u00eancia com as vi\u00favas. Interessante que s\u00e3o essas\u00a0injusti\u00e7as que definem o conceito de \u201cpecado\u201d mencionado no vers\u00edculo\u00a0anterior (J\u00f3 22.5).<\/p>\n<p>Isso \u00e9 importante porque popularmente o pecado \u00e9 geralmente concebido\u00a0em termos individuais e morais. Ou seja, o pecado seria aquele delito que eu\u00a0cometo individualmente. A mentira, os maus pensamentos, a inveja e a cobi\u00e7a s\u00e3o alguns exemplos. Conquanto seja justo pensar nesses delitos\u00a0como pecados, a defini\u00e7\u00e3o dada por Elifaz enfatiza o mal que cometemos em\u00a0rela\u00e7\u00e3o ao nosso pr\u00f3ximo, especialmente as injusti\u00e7as ou neglig\u00eancias que\u00a0prejudicam as pessoas socialmente vulner\u00e1veis.<\/p>\n<p>\u00c9 prov\u00e1vel que isso n\u00e3o seja nenhuma novidade. Estamos \u201ccansados de\u00a0saber\u201d&#8230; Sim. Por que ent\u00e3o isso ainda nos incomoda? Ou n\u00e3o incomoda?<\/p>\n<p>Pai, muitos de n\u00f3s ainda somos crist\u00e3os nominais. \u00c0s vezes, sinto-me assim. Ainda\u00a0reluto em refletir a tua miseric\u00f3rdia. S\u00ea misericordioso para comigo e grava no\u00a0meu interior a fome e a sede pela tua justi\u00e7a e ajuda-me a demonstr\u00e1-las nos\u00a0meus relacionamentos. Em nome de Jesus. Am\u00e9m.<strong>\u00a0<\/strong><\/p>\n<p><strong>\u00a0<\/strong><\/p>\n<p><strong>&gt;&gt; Retirado de\u00a0<em><a href=\"https:\/\/www.ultimato.com.br\/loja\/produtos\/refeicoes-diarias-celebrando-a-reconciliacao\">Refei\u00e7\u00f5es Di\u00e1rias \u2013 Celebrando a Reconcilia\u00e7\u00e3o<\/a><\/em>. Editora Ultimato.<\/strong><\/p>\n<p>Ou\u00e7a as nossas devocionais pelo <a href=\"https:\/\/open.spotify.com\/show\/7CG8DL9dgWZEgPzX3rnk51?si=1dbGejI2TQS16eamNjb2rA\">Spotify<\/a>!<\/p>\n","protected":false},"excerpt":{"rendered":"<p>Voc\u00ea n\u00e3o dava \u00e1gua para as pessoas cansadas nem comida aos que tinham fome. Voc\u00ea usou a sua posi\u00e7\u00e3o e o seu poder para se tornar o dono da terra. Voc\u00ea roubou e maltratou os \u00f3rf\u00e3os e nunca ajudou as vi\u00favas. (J\u00f3 22.7-9) Os amigos de J\u00f3 o acusaram falsamente. Parece-nos que eram sinceros, mas\u00a0ainda [&hellip;]<\/p>\n","protected":false},"author":21,"featured_media":161,"comment_status":"open","ping_status":"open","sticky":false,"template":"","format":"standard","meta":{"ngg_post_thumbnail":0,"footnotes":""},"categories":[12028],"tags":[],"class_list":["post-10027","post","type-post","status-publish","format-standard","has-post-thumbnail","hentry","category-timoteo-carriker"],"publishpress_future_action":{"enabled":false,"date":"2026-05-05 02:21:09","action":"change-status","newStatus":"draft","terms":[],"taxonomy":"category","extraData":[]},"publishpress_future_workflow_manual_trigger":{"enabledWorkflows":[]},"_links":{"self":[{"href":"https:\/\/ultimato.com.br\/sites\/devocional-diaria\/wp-json\/wp\/v2\/posts\/10027","targetHints":{"allow":["GET"]}}],"collection":[{"href":"https:\/\/ultimato.com.br\/sites\/devocional-diaria\/wp-json\/wp\/v2\/posts"}],"about":[{"href":"https:\/\/ultimato.com.br\/sites\/devocional-diaria\/wp-json\/wp\/v2\/types\/post"}],"author":[{"embeddable":true,"href":"https:\/\/ultimato.com.br\/sites\/devocional-diaria\/wp-json\/wp\/v2\/users\/21"}],"replies":[{"embeddable":true,"href":"https:\/\/ultimato.com.br\/sites\/devocional-diaria\/wp-json\/wp\/v2\/comments?post=10027"}],"version-history":[{"count":1,"href":"https:\/\/ultimato.com.br\/sites\/devocional-diaria\/wp-json\/wp\/v2\/posts\/10027\/revisions"}],"predecessor-version":[{"id":10028,"href":"https:\/\/ultimato.com.br\/sites\/devocional-diaria\/wp-json\/wp\/v2\/posts\/10027\/revisions\/10028"}],"wp:featuredmedia":[{"embeddable":true,"href":"https:\/\/ultimato.com.br\/sites\/devocional-diaria\/wp-json\/wp\/v2\/media\/161"}],"wp:attachment":[{"href":"https:\/\/ultimato.com.br\/sites\/devocional-diaria\/wp-json\/wp\/v2\/media?parent=10027"}],"wp:term":[{"taxonomy":"category","embeddable":true,"href":"https:\/\/ultimato.com.br\/sites\/devocional-diaria\/wp-json\/wp\/v2\/categories?post=10027"},{"taxonomy":"post_tag","embeddable":true,"href":"https:\/\/ultimato.com.br\/sites\/devocional-diaria\/wp-json\/wp\/v2\/tags?post=10027"}],"curies":[{"name":"wp","href":"https:\/\/api.w.org\/{rel}","templated":true}]}}