{"id":10024,"date":"2022-10-19T00:00:12","date_gmt":"2022-10-19T02:00:12","guid":{"rendered":"https:\/\/ultimato.com.br\/sites\/devocional-diaria\/?p=10024"},"modified":"2022-10-13T12:50:12","modified_gmt":"2022-10-13T14:50:12","slug":"a-morte-e-apenas-uma-virgula-3","status":"publish","type":"post","link":"https:\/\/ultimato.com.br\/sites\/devocional-diaria\/2022\/10\/19\/autor\/elben-cesar\/a-morte-e-apenas-uma-virgula-3\/","title":{"rendered":"A morte \u00e9 apenas uma v\u00edrgula"},"content":{"rendered":"<p>Todos os seres humanos s\u00e3o como a erva do campo. (1Pe 1.24)<\/p>\n<p>Pelo fato de citarem ou transcreverem em suas cartas v\u00e1rias vezes passagens\u00a0do Antigo Testamento, percebe-se claramente que os ap\u00f3stolos, como bons\u00a0judeus e bons crist\u00e3os, eram leitores e conhecedores da Palavra de Deus. Embora\u00a0cite outros livros da B\u00edblia, parece que Pedro tem prefer\u00eancia pelo livro\u00a0de Isa\u00edas, que ele menciona seis vezes.<\/p>\n<p>Fica bem claro que nem Isa\u00edas nem Pedro est\u00e3o preocupados com o pouco\u00a0tempo de vida das flores do campo, que hoje se abrem e amanh\u00e3 desaparecem,\u00a0como Jesus tamb\u00e9m ensinou (Mt 6.30). O profeta e o ap\u00f3stolo, separados\u00a0um do outro por mais de setecentos anos, est\u00e3o assustados com a finitude\u00a0dos seres humanos. Se n\u00e3o se leva em conta que a morte \u00e9 uma v\u00edrgula e n\u00e3o\u00a0um ponto final, a situa\u00e7\u00e3o \u00e9 desesperadora. Nesse caso, o ser humano dito\u00a0criado \u00e0 imagem e semelhan\u00e7a de Deus, n\u00e3o passa de uma rosa ou uma violeta\u00a0que nasce, cresce e encanta a todos com as suas cores, o seu formato e o seu\u00a0perfume e, ent\u00e3o, seca, murcha e desaparece, sem dar a menor explica\u00e7\u00e3o ou\u00a0a menor satisfa\u00e7\u00e3o. No caso do ser humano, a situa\u00e7\u00e3o \u00e9 pior, porque ele vive\u00a0muito mais tempo que a erva, tem muito mais possibilidade que a erva e \u00e9\u00a0muito mais relevante que a erva (ele \u00e9 a coroa da cria\u00e7\u00e3o).<\/p>\n<p>Pedro assegura que todos os seres humanos seguem esse caminho. Poder\u00edamos\u00a0dizer que \u201ctoda carne \u00e9&#8230;\u201d, \u201ctoda pessoa \u00e9&#8230;\u201d, \u201ctodo mortal \u00e9&#8230;\u201d, \u201ctoda\u00a0humanidade \u00e9&#8230;\u201d ou \u201ctodos n\u00f3s somos&#8230;\u201d. Ningu\u00e9m gosta da realidade da\u00a0morte, o que n\u00e3o acontece no reino vegetal e animal. S\u00f3 acontece conosco!\u00a0Seria tr\u00e1gico \u2013 se n\u00e3o fosse a certeza absoluta de que a morte \u00e9 apenas uma\u00a0v\u00edrgula, depois da qual a vida continua, n\u00e3o no para\u00edso perdido mas no para\u00edso\u00a0recuperado!<\/p>\n<p>A ideia da efemeridade do ser humano \u00e9 horr\u00edvel. A ideia da ressurrei\u00e7\u00e3o \u00e9 admir\u00e1vel!<strong>\u00a0<\/strong><\/p>\n<p><strong>\u00a0<\/strong><\/p>\n<p><strong>&gt;&gt; Retirado de\u00a0<em><a href=\"https:\/\/www.ultimato.com.br\/loja\/produtos\/refeicoes-diarias-com-os-discipulos\">Refei\u00e7\u00f5es Di\u00e1rias com os Disc\u00edpulos<\/a><\/em> [Elben C\u00e9sar]. Editora Ultimato.<\/strong><strong>\u00a0<\/strong><\/p>\n<p>Ou\u00e7a as nossas devocionais pelo <a href=\"https:\/\/open.spotify.com\/show\/7CG8DL9dgWZEgPzX3rnk51?si=1dbGejI2TQS16eamNjb2rA\">Spotify<\/a>!<\/p>\n","protected":false},"excerpt":{"rendered":"<p>Todos os seres humanos s\u00e3o como a erva do campo. (1Pe 1.24) Pelo fato de citarem ou transcreverem em suas cartas v\u00e1rias vezes passagens\u00a0do Antigo Testamento, percebe-se claramente que os ap\u00f3stolos, como bons\u00a0judeus e bons crist\u00e3os, eram leitores e conhecedores da Palavra de Deus. Embora\u00a0cite outros livros da B\u00edblia, parece que Pedro tem prefer\u00eancia pelo [&hellip;]<\/p>\n","protected":false},"author":21,"featured_media":163,"comment_status":"open","ping_status":"open","sticky":false,"template":"","format":"standard","meta":{"ngg_post_thumbnail":0,"footnotes":""},"categories":[5478],"tags":[],"class_list":["post-10024","post","type-post","status-publish","format-standard","has-post-thumbnail","hentry","category-elben-cesar"],"publishpress_future_action":{"enabled":false,"date":"2026-05-05 00:58:34","action":"change-status","newStatus":"draft","terms":[],"taxonomy":"category","extraData":[]},"publishpress_future_workflow_manual_trigger":{"enabledWorkflows":[]},"_links":{"self":[{"href":"https:\/\/ultimato.com.br\/sites\/devocional-diaria\/wp-json\/wp\/v2\/posts\/10024","targetHints":{"allow":["GET"]}}],"collection":[{"href":"https:\/\/ultimato.com.br\/sites\/devocional-diaria\/wp-json\/wp\/v2\/posts"}],"about":[{"href":"https:\/\/ultimato.com.br\/sites\/devocional-diaria\/wp-json\/wp\/v2\/types\/post"}],"author":[{"embeddable":true,"href":"https:\/\/ultimato.com.br\/sites\/devocional-diaria\/wp-json\/wp\/v2\/users\/21"}],"replies":[{"embeddable":true,"href":"https:\/\/ultimato.com.br\/sites\/devocional-diaria\/wp-json\/wp\/v2\/comments?post=10024"}],"version-history":[{"count":2,"href":"https:\/\/ultimato.com.br\/sites\/devocional-diaria\/wp-json\/wp\/v2\/posts\/10024\/revisions"}],"predecessor-version":[{"id":10026,"href":"https:\/\/ultimato.com.br\/sites\/devocional-diaria\/wp-json\/wp\/v2\/posts\/10024\/revisions\/10026"}],"wp:featuredmedia":[{"embeddable":true,"href":"https:\/\/ultimato.com.br\/sites\/devocional-diaria\/wp-json\/wp\/v2\/media\/163"}],"wp:attachment":[{"href":"https:\/\/ultimato.com.br\/sites\/devocional-diaria\/wp-json\/wp\/v2\/media?parent=10024"}],"wp:term":[{"taxonomy":"category","embeddable":true,"href":"https:\/\/ultimato.com.br\/sites\/devocional-diaria\/wp-json\/wp\/v2\/categories?post=10024"},{"taxonomy":"post_tag","embeddable":true,"href":"https:\/\/ultimato.com.br\/sites\/devocional-diaria\/wp-json\/wp\/v2\/tags?post=10024"}],"curies":[{"name":"wp","href":"https:\/\/api.w.org\/{rel}","templated":true}]}}