{"id":10016,"date":"2022-10-18T00:00:07","date_gmt":"2022-10-18T02:00:07","guid":{"rendered":"https:\/\/ultimato.com.br\/sites\/devocional-diaria\/?p=10016"},"modified":"2022-10-05T17:02:40","modified_gmt":"2022-10-05T19:02:40","slug":"controle-o-amor","status":"publish","type":"post","link":"https:\/\/ultimato.com.br\/sites\/devocional-diaria\/2022\/10\/18\/autor\/elben-cesar\/controle-o-amor\/","title":{"rendered":"Controle o amor"},"content":{"rendered":"<p>N\u00e3o amem os costumes do mundo. N\u00e3o amem os valores do mundo. (1Jo 2.15)<\/p>\n<p>At\u00e9 para amar existe lei. N\u00e3o se pode deixar o amor inteiramente \u00e0 vontade.\u00a0Se voc\u00ea controla o pensamento, se voc\u00ea controla a l\u00edngua, se voc\u00ea controla\u00a0a ira, por que n\u00e3o controlar tamb\u00e9m o amor?<\/p>\n<p>N\u00e3o \u00e9 de sua \u00edndole amar o pr\u00f3ximo como a si mesmo, mas o segundo\u00a0grande mandamento ordena: \u201cAmar\u00e1s o teu pr\u00f3ximo como a ti mesmo\u201d\u00a0(Mt 22.39). Jamais passou por sua cabe\u00e7a a necessidade de amar o desafeto,\u00a0mas Jesus estabelece como norma certa e r\u00edgida: \u201cAmai os vossos inimigos\u00a0e orai pelos que vos perseguem\u201d (Mt 5.44). Nem sempre voc\u00ea ama a Deus\u00a0\u201cde todo o seu cora\u00e7\u00e3o, de toda a sua alma e de todo o seu entendimento\u201d,\u00a0mas esse tipo de amor \u00e9 de todo requerido dentro do cristianismo. Nesses\u00a0casos, voc\u00ea precisa <em>soltar <\/em>o amor e amar intensamente.<\/p>\n<p>Ocorre tamb\u00e9m o contr\u00e1rio. Voc\u00ea ama o que n\u00e3o deve amar. \u00c9 o caso de\u00a0Demas, que amou o presente s\u00e9culo e deixou o ap\u00f3stolo na m\u00e3o (2Tm 4.10).\u00a0Mas a B\u00edblia diz claramente: \u201cN\u00e3o ameis o mundo nem as coisas que h\u00e1 no\u00a0mundo\u201d (1Jo 2.15). Voc\u00ea n\u00e3o pode amar a mulher do pr\u00f3ximo ou o marido\u00a0de sua amiga. Eles est\u00e3o comprometidos. Pode ser que voc\u00ea tamb\u00e9m esteja\u00a0comprometido. Nesses casos, voc\u00ea precisa <em>prender <\/em>o amor.<\/p>\n<p>N\u00e3o \u00e9 um exerc\u00edcio muito f\u00e1cil amar o que n\u00e3o se quer amar e deixar de\u00a0amar o que se quer amar. Mas \u00e9 uma exig\u00eancia da f\u00e9, extremamente necess\u00e1ria\u00a0para manter a ordem certa.<strong>\u00a0<\/strong><\/p>\n<p><strong>\u00a0<\/strong><\/p>\n<p><strong>&gt;&gt; Retirado de\u00a0<em><a href=\"https:\/\/www.ultimato.com.br\/loja\/produtos\/cuide-das-raizes-espere-pelos-frutos\">Cuide das Ra\u00edzes, Espere pelos Frutos<\/a><\/em>, [Elben C\u00e9sar]. Editora Ultimato.<\/strong><\/p>\n<p>Ou\u00e7a as nossas devocionais pelo <a href=\"https:\/\/open.spotify.com\/show\/7CG8DL9dgWZEgPzX3rnk51?si=1dbGejI2TQS16eamNjb2rA\">Spotify<\/a>!<\/p>\n","protected":false},"excerpt":{"rendered":"<p>N\u00e3o amem os costumes do mundo. N\u00e3o amem os valores do mundo. (1Jo 2.15) At\u00e9 para amar existe lei. N\u00e3o se pode deixar o amor inteiramente \u00e0 vontade.\u00a0Se voc\u00ea controla o pensamento, se voc\u00ea controla a l\u00edngua, se voc\u00ea controla\u00a0a ira, por que n\u00e3o controlar tamb\u00e9m o amor? N\u00e3o \u00e9 de sua \u00edndole amar o [&hellip;]<\/p>\n","protected":false},"author":21,"featured_media":164,"comment_status":"open","ping_status":"open","sticky":false,"template":"","format":"standard","meta":{"ngg_post_thumbnail":0,"footnotes":""},"categories":[5478],"tags":[],"class_list":["post-10016","post","type-post","status-publish","format-standard","has-post-thumbnail","hentry","category-elben-cesar"],"publishpress_future_action":{"enabled":false,"date":"2026-05-04 23:17:38","action":"change-status","newStatus":"draft","terms":[],"taxonomy":"category","extraData":[]},"publishpress_future_workflow_manual_trigger":{"enabledWorkflows":[]},"_links":{"self":[{"href":"https:\/\/ultimato.com.br\/sites\/devocional-diaria\/wp-json\/wp\/v2\/posts\/10016","targetHints":{"allow":["GET"]}}],"collection":[{"href":"https:\/\/ultimato.com.br\/sites\/devocional-diaria\/wp-json\/wp\/v2\/posts"}],"about":[{"href":"https:\/\/ultimato.com.br\/sites\/devocional-diaria\/wp-json\/wp\/v2\/types\/post"}],"author":[{"embeddable":true,"href":"https:\/\/ultimato.com.br\/sites\/devocional-diaria\/wp-json\/wp\/v2\/users\/21"}],"replies":[{"embeddable":true,"href":"https:\/\/ultimato.com.br\/sites\/devocional-diaria\/wp-json\/wp\/v2\/comments?post=10016"}],"version-history":[{"count":1,"href":"https:\/\/ultimato.com.br\/sites\/devocional-diaria\/wp-json\/wp\/v2\/posts\/10016\/revisions"}],"predecessor-version":[{"id":10017,"href":"https:\/\/ultimato.com.br\/sites\/devocional-diaria\/wp-json\/wp\/v2\/posts\/10016\/revisions\/10017"}],"wp:featuredmedia":[{"embeddable":true,"href":"https:\/\/ultimato.com.br\/sites\/devocional-diaria\/wp-json\/wp\/v2\/media\/164"}],"wp:attachment":[{"href":"https:\/\/ultimato.com.br\/sites\/devocional-diaria\/wp-json\/wp\/v2\/media?parent=10016"}],"wp:term":[{"taxonomy":"category","embeddable":true,"href":"https:\/\/ultimato.com.br\/sites\/devocional-diaria\/wp-json\/wp\/v2\/categories?post=10016"},{"taxonomy":"post_tag","embeddable":true,"href":"https:\/\/ultimato.com.br\/sites\/devocional-diaria\/wp-json\/wp\/v2\/tags?post=10016"}],"curies":[{"name":"wp","href":"https:\/\/api.w.org\/{rel}","templated":true}]}}