{"id":10013,"date":"2022-10-17T00:00:45","date_gmt":"2022-10-17T02:00:45","guid":{"rendered":"https:\/\/ultimato.com.br\/sites\/devocional-diaria\/?p=10013"},"modified":"2022-10-05T17:01:53","modified_gmt":"2022-10-05T19:01:53","slug":"deus-e-muito-grande-e-eu-sou-muito-pequeno","status":"publish","type":"post","link":"https:\/\/ultimato.com.br\/sites\/devocional-diaria\/2022\/10\/17\/autor\/elben-cesar\/deus-e-muito-grande-e-eu-sou-muito-pequeno\/","title":{"rendered":"Deus \u00e9 muito grande\u00a0e eu sou muito pequeno"},"content":{"rendered":"<p>Quanto a mim, sou pobre e necessitado. (Sl 70.5)<\/p>\n<p>No Salmo 69, o poeta se lembra dos pobres e dos necessitados e a eles\u00a0se refere com simpatia: \u201cOs necessitados ver\u00e3o a Deus e se alegrar\u00e3o\u201d e\u00a0\u201cO Senhor ouve o pobre\u201d (v. 32-33). No Salmo 68, o poeta se lembra dos\u00a0\u00f3rf\u00e3os, das vi\u00favas, dos solit\u00e1rios e dos presos: \u201cPai para os \u00f3rf\u00e3os e defensor\u00a0das vi\u00favas \u00e9 Deus em sua santa habita\u00e7\u00e3o\u201d e \u201cDeus d\u00e1 um lar aos solit\u00e1rios,\u00a0liberta os presos para a prosperidade\u201d (v. 5-6). E, no Salmo 70, o poeta\u00a0confessa que \u00e9 um deles: \u201cQuanto a mim, sou pobre e necessitado\u201d (v. 5).<\/p>\n<p>Certamente, os pobres e os necessitados a que ele se refere s\u00e3o as\u00a0pessoas carentes de recursos necess\u00e1rios para levar uma vida digna,\u00a0como roupa, comida e casa pr\u00f3pria. Mas, no caso pessoal, sem d\u00favida,\u00a0o salmista se refere \u00e0 aus\u00eancia de recursos de seguran\u00e7a pr\u00f3pria. Ele se\u00a0confessa pobre e necessitado frente \u00e0s situa\u00e7\u00f5es dif\u00edceis e complicadas\u00a0da vida. Essa declara\u00e7\u00e3o segue a sequ\u00eancia do Salmo 69, em que ele se\u00a0exp\u00f5e: \u201cSou um estranho at\u00e9 para os filhos da minha m\u00e3e\u201d (v. 8); \u201cSou\u00a0objeto de chacota\u201d (v. 11) e \u201cSou a can\u00e7\u00e3o dos b\u00eabados\u201d (v. 12).<\/p>\n<p>N\u00e3o \u00e9 nada f\u00e1cil declarar-se pobre e necessitado, quando n\u00e3o \u00e9 da\u00a0boca para fora. No caso do salmista, foi uma amarga e corajosa confiss\u00e3o.\u00a0Ele havia acabado de dizer: \u201cComo Deus \u00e9 grande!\u201d (Sl 70.4).\u00a0E ent\u00e3o acrescentou: \u201cQuanto a mim, sou pobre e necessitado\u201d (Sl 70.5).<\/p>\n<p><strong>\u00a0<\/strong><\/p>\n<p><strong>&gt;&gt; Retirado de\u00a0<em><a href=\"https:\/\/www.ultimato.com.br\/loja\/produtos\/um-ano-com-os-salmos\">Um Ano com os Salmos<\/a><\/em> [Elben C\u00e9sar]. Editora Ultimato.<\/strong><strong>\u00a0<\/strong><\/p>\n<p>Ou\u00e7a as nossas devocionais pelo <a href=\"https:\/\/open.spotify.com\/show\/7CG8DL9dgWZEgPzX3rnk51?si=1dbGejI2TQS16eamNjb2rA\">Spotify<\/a>!<\/p>\n","protected":false},"excerpt":{"rendered":"<p>Quanto a mim, sou pobre e necessitado. (Sl 70.5) No Salmo 69, o poeta se lembra dos pobres e dos necessitados e a eles\u00a0se refere com simpatia: \u201cOs necessitados ver\u00e3o a Deus e se alegrar\u00e3o\u201d e\u00a0\u201cO Senhor ouve o pobre\u201d (v. 32-33). No Salmo 68, o poeta se lembra dos\u00a0\u00f3rf\u00e3os, das vi\u00favas, dos solit\u00e1rios e [&hellip;]<\/p>\n","protected":false},"author":21,"featured_media":165,"comment_status":"open","ping_status":"open","sticky":false,"template":"","format":"standard","meta":{"ngg_post_thumbnail":0,"footnotes":""},"categories":[5478],"tags":[],"class_list":["post-10013","post","type-post","status-publish","format-standard","has-post-thumbnail","hentry","category-elben-cesar"],"publishpress_future_action":{"enabled":false,"date":"2026-05-04 21:52:20","action":"change-status","newStatus":"draft","terms":[],"taxonomy":"category","extraData":[]},"publishpress_future_workflow_manual_trigger":{"enabledWorkflows":[]},"_links":{"self":[{"href":"https:\/\/ultimato.com.br\/sites\/devocional-diaria\/wp-json\/wp\/v2\/posts\/10013","targetHints":{"allow":["GET"]}}],"collection":[{"href":"https:\/\/ultimato.com.br\/sites\/devocional-diaria\/wp-json\/wp\/v2\/posts"}],"about":[{"href":"https:\/\/ultimato.com.br\/sites\/devocional-diaria\/wp-json\/wp\/v2\/types\/post"}],"author":[{"embeddable":true,"href":"https:\/\/ultimato.com.br\/sites\/devocional-diaria\/wp-json\/wp\/v2\/users\/21"}],"replies":[{"embeddable":true,"href":"https:\/\/ultimato.com.br\/sites\/devocional-diaria\/wp-json\/wp\/v2\/comments?post=10013"}],"version-history":[{"count":2,"href":"https:\/\/ultimato.com.br\/sites\/devocional-diaria\/wp-json\/wp\/v2\/posts\/10013\/revisions"}],"predecessor-version":[{"id":10015,"href":"https:\/\/ultimato.com.br\/sites\/devocional-diaria\/wp-json\/wp\/v2\/posts\/10013\/revisions\/10015"}],"wp:featuredmedia":[{"embeddable":true,"href":"https:\/\/ultimato.com.br\/sites\/devocional-diaria\/wp-json\/wp\/v2\/media\/165"}],"wp:attachment":[{"href":"https:\/\/ultimato.com.br\/sites\/devocional-diaria\/wp-json\/wp\/v2\/media?parent=10013"}],"wp:term":[{"taxonomy":"category","embeddable":true,"href":"https:\/\/ultimato.com.br\/sites\/devocional-diaria\/wp-json\/wp\/v2\/categories?post=10013"},{"taxonomy":"post_tag","embeddable":true,"href":"https:\/\/ultimato.com.br\/sites\/devocional-diaria\/wp-json\/wp\/v2\/tags?post=10013"}],"curies":[{"name":"wp","href":"https:\/\/api.w.org\/{rel}","templated":true}]}}