{"id":10010,"date":"2022-10-16T00:00:29","date_gmt":"2022-10-16T02:00:29","guid":{"rendered":"https:\/\/ultimato.com.br\/sites\/devocional-diaria\/?p=10010"},"modified":"2022-10-05T16:58:23","modified_gmt":"2022-10-05T18:58:23","slug":"transbordou-a-graca-3","status":"publish","type":"post","link":"https:\/\/ultimato.com.br\/sites\/devocional-diaria\/2022\/10\/16\/autor\/stanley-jones\/transbordou-a-graca-3\/","title":{"rendered":"Transbordou a gra\u00e7a"},"content":{"rendered":"<p>Romanos 5.1-11<\/p>\n<p>A cruz \u00e9 inerente, erguida na hist\u00f3ria para que pud\u00e9ssemos ver em determinado momento algo que \u00e9 atemporal. Se um holofote a partir de Marte fosse apontado para o lugar mais importante do nosso planeta, seria sobre o monte Calv\u00e1rio. Mas existem calv\u00e1rios menores espalhados por todos os lugares. Em toda parte, Cristo est\u00e1 faminto na fome de cada faminto, pecador no pecado de cada pecador; ele leva tudo sobre si mesmo.<\/p>\n<p>Isso significa que a gra\u00e7a est\u00e1 em toda parte, curando, redimindo, salvando. \u201cOnde aumentou o pecado, transbordou a gra\u00e7a\u201d (Rm 5.20). Onde aumenta a doen\u00e7a, transborda a gra\u00e7a da sa\u00fade. A \u201cgra\u00e7a de um s\u00f3 homem, Jesus Cristo, transbordou para muitos\u201d (Rm 5.15). A gra\u00e7a foi irrestrita, transbordou, como o ap\u00f3stolo Paulo afirma novamente: \u201cA gra\u00e7a de nosso Senhor transbordou sobre mim\u201d (1Tm 1.14).<\/p>\n<p>Uma garotinha, refugiada da Inglaterra bombardeada, perguntou tristemente\u00a0\u00e0 anfitri\u00e3 norte-americana assim que um copo cheio de leite foi colocado diante\u00a0dela: \u201cQuanto posso beber?\u201d. N\u00e3o sabia ao certo se era <em>tudo <\/em>para ela. At\u00e9 onde\u00a0podemos beber da gra\u00e7a? \u00c9 <em>tudo <\/em>para n\u00f3s? Sim! \u201cTome o que quiser\u201d, Deus diz, \u201ce pague por isso\u201d. Como \u00e9 o pagamento? N\u00e3o \u00e9 nossa bondade, mas nossa gratid\u00e3o. N\u00e3o \u00e9 nosso merecimento, mas nossa disposi\u00e7\u00e3o.<\/p>\n<p>O Caminho n\u00e3o \u00e9 o caminho do carma, mas o caminho da gra\u00e7a. Entretanto, h\u00e1 uma verdade no carma. Fato \u00e9 que a gra\u00e7a tamb\u00e9m est\u00e1 no carma. O carma diz que voc\u00ea colhe o que semeia. Isso \u00e9 verdade, mas apenas em parte, pois outras pessoas tamb\u00e9m colhem o que semeamos. Amarrados em um feixe de rela\u00e7\u00f5es humanas, passamos aos outros os bons e os maus resultados da nossa semeadura. Os bons resultados? Sim! Ent\u00e3o, Jesus, no centro da exist\u00eancia, passa para todos n\u00f3s seu bom carma \u2013 seu feito na cruz permite que a gra\u00e7a transborde para todos. O fato de que os outros colhem o que semeamos abre caminho para o vic\u00e1rio. Assim, o \u201cCordeiro [foi] morto desde a cria\u00e7\u00e3o do mundo\u201d (Ap 13.8). Ele est\u00e1 em toda parte, at\u00e9 mesmo na dif\u00edcil doutrina do carma. Vejo a cruz de Cristo em cada poste telegr\u00e1fico com sua travessa. E a mensagem da gra\u00e7a chega at\u00e9 n\u00f3s atrav\u00e9s de cada fio; e s\u00e3o muitos fios, mas uma s\u00f3 mensagem: \u201cGra\u00e7a\u201d. A gra\u00e7a est\u00e1 escrita nas Escrituras, mas tamb\u00e9m na textura da realidade. Est\u00e1 escrita em todos os lugares, em tudo.<\/p>\n<p><em>\u00d3 Cristo, encontro a tua gra\u00e7a que busca, que sonda, que salva. Abro o meu cora\u00e7\u00e3o, o \u00edntimo do meu cora\u00e7\u00e3o, para a tua gentil intrus\u00e3o. Respiro profundamente a tua gra\u00e7a, recebo-a em cada fibra do meu ser e sou curado e liberto. Sou-te grato \u2013 muito grato. Am\u00e9m.<\/em><\/p>\n<p>Afirma\u00e7\u00e3o do dia: A Gra\u00e7a me procurou, a Gra\u00e7a me comprou, a Gra\u00e7a me\u00a0ensinou, a Gra\u00e7a me prendeu \u2013 agora a gra\u00e7a me possui.<\/p>\n<p><strong>\u00a0<\/strong><\/p>\n<p><strong>&gt;&gt; Retirado de\u00a0<em><a href=\"https:\/\/www.ultimato.com.br\/loja\/produtos\/o-caminho\">O Caminho<\/a><\/em> [Stanley Jones]. Editora Ultimato.<\/strong><\/p>\n<p>Ou\u00e7a as nossas devocionais pelo <a href=\"https:\/\/open.spotify.com\/show\/7CG8DL9dgWZEgPzX3rnk51?si=1dbGejI2TQS16eamNjb2rA\">Spotify<\/a>!<\/p>\n","protected":false},"excerpt":{"rendered":"<p>Romanos 5.1-11 A cruz \u00e9 inerente, erguida na hist\u00f3ria para que pud\u00e9ssemos ver em determinado momento algo que \u00e9 atemporal. Se um holofote a partir de Marte fosse apontado para o lugar mais importante do nosso planeta, seria sobre o monte Calv\u00e1rio. Mas existem calv\u00e1rios menores espalhados por todos os lugares. Em toda parte, Cristo [&hellip;]<\/p>\n","protected":false},"author":21,"featured_media":166,"comment_status":"open","ping_status":"open","sticky":false,"template":"","format":"standard","meta":{"ngg_post_thumbnail":0,"footnotes":""},"categories":[40852],"tags":[],"class_list":["post-10010","post","type-post","status-publish","format-standard","has-post-thumbnail","hentry","category-stanley-jones"],"publishpress_future_action":{"enabled":false,"date":"2026-05-04 20:36:57","action":"change-status","newStatus":"draft","terms":[],"taxonomy":"category","extraData":[]},"publishpress_future_workflow_manual_trigger":{"enabledWorkflows":[]},"_links":{"self":[{"href":"https:\/\/ultimato.com.br\/sites\/devocional-diaria\/wp-json\/wp\/v2\/posts\/10010","targetHints":{"allow":["GET"]}}],"collection":[{"href":"https:\/\/ultimato.com.br\/sites\/devocional-diaria\/wp-json\/wp\/v2\/posts"}],"about":[{"href":"https:\/\/ultimato.com.br\/sites\/devocional-diaria\/wp-json\/wp\/v2\/types\/post"}],"author":[{"embeddable":true,"href":"https:\/\/ultimato.com.br\/sites\/devocional-diaria\/wp-json\/wp\/v2\/users\/21"}],"replies":[{"embeddable":true,"href":"https:\/\/ultimato.com.br\/sites\/devocional-diaria\/wp-json\/wp\/v2\/comments?post=10010"}],"version-history":[{"count":2,"href":"https:\/\/ultimato.com.br\/sites\/devocional-diaria\/wp-json\/wp\/v2\/posts\/10010\/revisions"}],"predecessor-version":[{"id":10012,"href":"https:\/\/ultimato.com.br\/sites\/devocional-diaria\/wp-json\/wp\/v2\/posts\/10010\/revisions\/10012"}],"wp:featuredmedia":[{"embeddable":true,"href":"https:\/\/ultimato.com.br\/sites\/devocional-diaria\/wp-json\/wp\/v2\/media\/166"}],"wp:attachment":[{"href":"https:\/\/ultimato.com.br\/sites\/devocional-diaria\/wp-json\/wp\/v2\/media?parent=10010"}],"wp:term":[{"taxonomy":"category","embeddable":true,"href":"https:\/\/ultimato.com.br\/sites\/devocional-diaria\/wp-json\/wp\/v2\/categories?post=10010"},{"taxonomy":"post_tag","embeddable":true,"href":"https:\/\/ultimato.com.br\/sites\/devocional-diaria\/wp-json\/wp\/v2\/tags?post=10010"}],"curies":[{"name":"wp","href":"https:\/\/api.w.org\/{rel}","templated":true}]}}