{"id":943,"date":"2017-07-05T15:00:55","date_gmt":"2017-07-05T18:00:55","guid":{"rendered":"http:\/\/ultimato.com.br\/sites\/cslewis\/?p=943"},"modified":"2017-10-18T19:47:40","modified_gmt":"2017-10-18T22:47:40","slug":"as-cronicas-de-narnia-filmagens-de-novo-longa-devem-comecar-em-novembro","status":"publish","type":"post","link":"https:\/\/ultimato.com.br\/sites\/cslewis\/2017\/07\/05\/as-cronicas-de-narnia-filmagens-de-novo-longa-devem-comecar-em-novembro\/","title":{"rendered":"As Cr\u00f4nicas de N\u00e1rnia | Filmagens de novo longa devem come\u00e7ar em novembro"},"content":{"rendered":"<p>Release da Sony oficializa o come\u00e7o da produ\u00e7\u00e3o<br \/>\n04\/07\/2017 &#8211; 20:25&nbsp;&#8211;&nbsp;CAMILA SOUSA<\/p>\n<p><img decoding=\"async\" src=\"https:\/\/static.omelete.uol.com.br\/media\/uploads\/conteudo\/fotos\/narnia1_Dn9eqaQ.jpg\" alt=\"\"><\/p>\n<div>&nbsp;<\/div>\n<div class=\"text-img-outer-div\">A&nbsp;<strong>Sony<\/strong>&nbsp;divulgou um release que oficializa o come\u00e7o da produ\u00e7\u00e3o de&nbsp;<strong><em>The Chronicles of&nbsp;<\/em><em>Narnia: The Silver Chair<\/em><\/strong>, filme que pretende reviver&nbsp;<a href=\"http:\/\/www.omelete.com.br\/cronicas-de-narnia\/\"><strong><em>As Cr\u00f4nicas de N\u00e1rnia<\/em><\/strong><\/a>, para novembro (via&nbsp;<a href=\"http:\/\/comicbook.com\/movies\/2017\/07\/04\/chronicles-of-narnia-silver-chair-details-revealed\/\" target=\"_blank\" rel=\"nofollow noopener\"><em>Comic Book<\/em><\/a>).<\/div>\n<p>O release cita o j\u00e1 anunciado diretor&nbsp;<strong>Joe Johnston&nbsp;<\/strong>(Capit\u00e3o Am\u00e9rica: o Primeiro Vingador) e confirma nomes como o designer de produ\u00e7\u00e3o<strong>&nbsp;Andy Nicholson<\/strong>&nbsp;(<em>Gravidade<\/em>), o compositor&nbsp;<strong>Thomas Newman<\/strong>&nbsp;(<em>007 &#8211; Opera\u00e7\u00e3o Skyfall<\/em>) e a designer<strong>&nbsp;Jacqueline West<\/strong>&nbsp;(<em>O Regresso<\/em>).&nbsp;<strong>David Magee<\/strong>&nbsp;(<em>As Aventuras de Pi<\/em>) cuida do roteiro e&nbsp;<strong>Mark Gordon<\/strong>&nbsp;(Steve Jobs) vai produzir.<\/p>\n<p>J\u00e1 as filmagens devem acontecer por cinco meses, em loca\u00e7\u00f5es na Nova Zel\u00e2ndia e nos est\u00fadios de Henderson Valley. N\u00e3o h\u00e1 informa\u00e7\u00f5es sobre o elenco.<\/p>\n<p>Quarto livro da s\u00e9rie criada por&nbsp;<strong>C.S. Lewis<\/strong>, e o primeiro sem a presen\u00e7a dos irm\u00e3os Pevensie,&nbsp;<em>A Cadeira de Prata<\/em>&nbsp;se passa 70 anos depois de&nbsp;<em><a href=\"https:\/\/omelete.uol.com.br\/cinema\/cronicas-de-narnia-viagem-do-peregrino-da-alvorada-critica\/\">A Viagem do Peregrino da Alvorada<\/a>&nbsp;<\/em>no tempo de N\u00e1rnia, o que permite a entrada de um novo elenco. Na trama,&nbsp;Eust\u00e1quio&nbsp;volta a N\u00e1rnia na companhia de sua amiga&nbsp;Jill Pole.<\/p>\n<p>Por enquanto n\u00e3o h\u00e1 data de lan\u00e7amento. O longa mais recente da franquia \u00e9&nbsp;<em><a href=\"https:\/\/omelete.uol.com.br\/cinema\/cronicas-de-narnia-viagem-do-peregrino-da-alvorada-critica\/\">A Viagem do Peregrino da Alvorada<\/a><\/em>, que chegou aos cinemas em 2010 e arrecadou&nbsp;<strong>US$ 415 milh\u00f5es<\/strong>&nbsp;na bilheteria mundial.<\/p>\n<p>Leia mais sobre&nbsp;<strong><a href=\"http:\/\/www.omelete.com.br\/cronicas-de-narnia\/\">As Cr\u00f4nicas de N\u00e1rnia.<\/a><\/strong><\/p>\n<p>Fonte: <a href=\"https:\/\/omelete.uol.com.br\/filmes\/noticia\/as-cronicas-de-narnia-filmagens-de-novo-longa-devem-comecar-em-novembro\/\" target=\"_blank\" rel=\"noopener\">Omelete<\/a><\/p>\n","protected":false},"excerpt":{"rendered":"<p>Release da Sony oficializa o come\u00e7o da produ\u00e7\u00e3o 04\/07\/2017 &#8211; 20:25&nbsp;&#8211;&nbsp;CAMILA SOUSA &nbsp; A&nbsp;Sony&nbsp;divulgou um release que oficializa o come\u00e7o da produ\u00e7\u00e3o de&nbsp;The Chronicles of&nbsp;Narnia: The Silver Chair, filme que pretende reviver&nbsp;As Cr\u00f4nicas de N\u00e1rnia, para novembro (via&nbsp;Comic Book). O release cita o j\u00e1 anunciado diretor&nbsp;Joe Johnston&nbsp;(Capit\u00e3o Am\u00e9rica: o Primeiro Vingador) e confirma nomes como [&hellip;]<\/p>\n","protected":false},"author":46,"featured_media":0,"comment_status":"open","ping_status":"open","sticky":false,"template":"","format":"standard","meta":{"ngg_post_thumbnail":0,"footnotes":""},"categories":[29086],"tags":[29169,29401],"class_list":["post-943","post","type-post","status-publish","format-standard","hentry","category-artigos-em-portugues","tag-cronicas-de-narnia","tag-silver-chair"],"_links":{"self":[{"href":"https:\/\/ultimato.com.br\/sites\/cslewis\/wp-json\/wp\/v2\/posts\/943","targetHints":{"allow":["GET"]}}],"collection":[{"href":"https:\/\/ultimato.com.br\/sites\/cslewis\/wp-json\/wp\/v2\/posts"}],"about":[{"href":"https:\/\/ultimato.com.br\/sites\/cslewis\/wp-json\/wp\/v2\/types\/post"}],"author":[{"embeddable":true,"href":"https:\/\/ultimato.com.br\/sites\/cslewis\/wp-json\/wp\/v2\/users\/46"}],"replies":[{"embeddable":true,"href":"https:\/\/ultimato.com.br\/sites\/cslewis\/wp-json\/wp\/v2\/comments?post=943"}],"version-history":[{"count":4,"href":"https:\/\/ultimato.com.br\/sites\/cslewis\/wp-json\/wp\/v2\/posts\/943\/revisions"}],"predecessor-version":[{"id":968,"href":"https:\/\/ultimato.com.br\/sites\/cslewis\/wp-json\/wp\/v2\/posts\/943\/revisions\/968"}],"wp:attachment":[{"href":"https:\/\/ultimato.com.br\/sites\/cslewis\/wp-json\/wp\/v2\/media?parent=943"}],"wp:term":[{"taxonomy":"category","embeddable":true,"href":"https:\/\/ultimato.com.br\/sites\/cslewis\/wp-json\/wp\/v2\/categories?post=943"},{"taxonomy":"post_tag","embeddable":true,"href":"https:\/\/ultimato.com.br\/sites\/cslewis\/wp-json\/wp\/v2\/tags?post=943"}],"curies":[{"name":"wp","href":"https:\/\/api.w.org\/{rel}","templated":true}]}}