{"id":996,"date":"2011-11-24T11:30:26","date_gmt":"2011-11-24T14:30:26","guid":{"rendered":"http:\/\/ultimato.com.br\/sites\/carlinhosveiga\/?p=996"},"modified":"2011-11-24T11:32:09","modified_gmt":"2011-11-24T14:32:09","slug":"di-steffano-lanca-%e2%80%9coutros-mares%e2%80%9d-em-natal-2","status":"publish","type":"post","link":"https:\/\/ultimato.com.br\/sites\/carlinhosveiga\/2011\/11\/24\/di-steffano-lanca-%e2%80%9coutros-mares%e2%80%9d-em-natal-2\/","title":{"rendered":"Di Steffano lan\u00e7a \u201cOutros Mares\u201d em Natal"},"content":{"rendered":"<p><a href=\"http:\/\/ultimato.com.br\/sites\/carlinhosveiga\/files\/2011\/11\/CAPA-OUTROS-MARES3.jpg\"><img loading=\"lazy\" decoding=\"async\" class=\"alignleft size-medium wp-image-997\" title=\"CAPA-OUTROS-MARES\" src=\"http:\/\/ultimato.com.br\/sites\/carlinhosveiga\/files\/2011\/11\/CAPA-OUTROS-MARES3-300x262.jpg\" alt=\"\" width=\"300\" height=\"262\" srcset=\"https:\/\/ultimato.com.br\/sites\/carlinhosveiga\/files\/2011\/11\/CAPA-OUTROS-MARES3-300x262.jpg 300w, https:\/\/ultimato.com.br\/sites\/carlinhosveiga\/files\/2011\/11\/CAPA-OUTROS-MARES3-150x131.jpg 150w, https:\/\/ultimato.com.br\/sites\/carlinhosveiga\/files\/2011\/11\/CAPA-OUTROS-MARES3.jpg 640w\" sizes=\"auto, (max-width: 300px) 100vw, 300px\" \/><\/a>O baterista Di Steffano lan\u00e7a hoje seu mais novo CD \u201cOutros Mares\u201d em Festival Instrumental do projeto Na\u00e7\u00e3o Potiguar, no Villa Hall, em Natal. Na ocasi\u00e3o divide o palco com Macaxeira Jazz e o percussionista Nan\u00e1 Vasconcelos \u2013 reconhecido internacionalmente. Veja a mat\u00e9ria publicada no jornal Tribuna do Norte, clicando <a href=\"http:\/\/tribunadonorte.com.br\/noticia\/di-steffano-lanca-hoje-o-cd-outros-mares\/203641\" target=\"_blank\">aqui<\/a>.<\/p>\n<p>&nbsp;<\/p>\n<p>Di \u00e9 crist\u00e3o. Foi o primeiro baterista da Banda Canal, que nos anos 90 ficou conhecida em todo o pa\u00eds pelas can\u00e7\u00f5es \u201cJeovah Jireh\u201d e \u201cQuem nos separar\u00e1\u201d. Da\u00ed em diante seu trabalho foi reconhecido por grandes artistas da MPB e da m\u00fasica instrumental.<\/p>\n<p>&nbsp;<\/p>\n<p>Ou\u00e7a o Podcast Novos Acordes com Di Steffano, clicando <a href=\"http:\/\/ultimato.com.br\/sites\/carlinhosveiga\/2011\/09\/23\/podcast-21-di-steffano\/\" target=\"_blank\">aqui<\/a>.<\/p>\n","protected":false},"excerpt":{"rendered":"<p>O baterista Di Steffano lan\u00e7a hoje seu mais novo CD \u201cOutros Mares\u201d em Festival Instrumental do projeto Na\u00e7\u00e3o Potiguar, no Villa Hall, em Natal. Na ocasi\u00e3o divide o palco com Macaxeira Jazz e o percussionista Nan\u00e1 Vasconcelos \u2013 reconhecido internacionalmente. Veja a mat\u00e9ria publicada no jornal Tribuna do Norte, clicando aqui.<br \/>\n&nbsp;<br \/>\nDi \u00e9 crist\u00e3o. Foi o [&#8230;]<\/p>\n","protected":false},"author":9,"featured_media":0,"comment_status":"open","ping_status":"open","sticky":false,"template":"","format":"standard","meta":{"footnotes":""},"categories":[116],"tags":[],"class_list":["post-996","post","type-post","status-publish","format-standard","hentry","category-blog"],"_links":{"self":[{"href":"https:\/\/ultimato.com.br\/sites\/carlinhosveiga\/wp-json\/wp\/v2\/posts\/996","targetHints":{"allow":["GET"]}}],"collection":[{"href":"https:\/\/ultimato.com.br\/sites\/carlinhosveiga\/wp-json\/wp\/v2\/posts"}],"about":[{"href":"https:\/\/ultimato.com.br\/sites\/carlinhosveiga\/wp-json\/wp\/v2\/types\/post"}],"author":[{"embeddable":true,"href":"https:\/\/ultimato.com.br\/sites\/carlinhosveiga\/wp-json\/wp\/v2\/users\/9"}],"replies":[{"embeddable":true,"href":"https:\/\/ultimato.com.br\/sites\/carlinhosveiga\/wp-json\/wp\/v2\/comments?post=996"}],"version-history":[{"count":3,"href":"https:\/\/ultimato.com.br\/sites\/carlinhosveiga\/wp-json\/wp\/v2\/posts\/996\/revisions"}],"predecessor-version":[{"id":999,"href":"https:\/\/ultimato.com.br\/sites\/carlinhosveiga\/wp-json\/wp\/v2\/posts\/996\/revisions\/999"}],"wp:attachment":[{"href":"https:\/\/ultimato.com.br\/sites\/carlinhosveiga\/wp-json\/wp\/v2\/media?parent=996"}],"wp:term":[{"taxonomy":"category","embeddable":true,"href":"https:\/\/ultimato.com.br\/sites\/carlinhosveiga\/wp-json\/wp\/v2\/categories?post=996"},{"taxonomy":"post_tag","embeddable":true,"href":"https:\/\/ultimato.com.br\/sites\/carlinhosveiga\/wp-json\/wp\/v2\/tags?post=996"}],"curies":[{"name":"wp","href":"https:\/\/api.w.org\/{rel}","templated":true}]}}