{"id":981,"date":"2011-11-14T11:23:58","date_gmt":"2011-11-14T14:23:58","guid":{"rendered":"http:\/\/ultimato.com.br\/sites\/carlinhosveiga\/?p=981"},"modified":"2011-11-14T11:42:48","modified_gmt":"2011-11-14T14:42:48","slug":"os-fagundes","status":"publish","type":"post","link":"https:\/\/ultimato.com.br\/sites\/carlinhosveiga\/2011\/11\/14\/os-fagundes\/","title":{"rendered":"os fagundes"},"content":{"rendered":"<p>Quico Fagundes \u00e9 do sul do pa\u00eds, mas h\u00e1 anos mora em Bras\u00edlia. Vem de uma fam\u00edlia bastante envolvida com a m\u00fasica regional dos pampas e a tradi\u00e7\u00e3o ga\u00facha. \u00c9 um ex\u00edmio violonista, al\u00e9m de compositor. Teve uma amizade bem chegada com o S\u00e9rgio Pimenta, o que lhe rendeu o privil\u00e9gio de produzir algumas can\u00e7\u00f5es desse respeitado m\u00fasico que j\u00e1 n\u00e3o est\u00e1 entre n\u00f3s ( &#8220;Vem comigo&#8221;, &#8220;A mo\u00e7a do po\u00e7o&#8221;).<\/p>\n<p>Recentemente Quico come\u00e7ou a produzir e postar v\u00eddeos no youtube. No repert\u00f3rio, algumas de suas can\u00e7\u00f5es e arranjos para can\u00e7\u00f5es de amigos. A primeira leva foi com Aristeu Pires, recordando as m\u00fasicas consagradas desse autor (&#8220;Can\u00e7\u00e3o para Pedro&#8221;, &#8220;Logo de Manh\u00e3&#8221;, &#8220;Valeu ter vivido&#8221;). Recentemente tive contato com um material novo do Quico, gravado com outro Fagundes, o Ernesto, que canta e o acompanha no bombo leguero.<\/p>\n<p>Veja a linda can\u00e7\u00e3o &#8220;Espelho d&#8217;\u00e1gua&#8221;, composi\u00e7\u00e3o de Tanato Nascimento e Quico Fagundes. Participa\u00e7\u00e3o especial (no est\u00fadio) de Paulinho Fagundes no viol\u00e3o.<br \/>\n<iframe loading=\"lazy\" width=\"750\" height=\"422\" src=\"https:\/\/www.youtube.com\/embed\/yemtjkqLMYQ?feature=oembed\" frameborder=\"0\" allowfullscreen><\/iframe><\/p>\n","protected":false},"excerpt":{"rendered":"<p>Quico Fagundes \u00e9 do sul do pa\u00eds, mas h\u00e1 anos mora em Bras\u00edlia. Vem de uma fam\u00edlia bastante envolvida com a m\u00fasica regional dos pampas e a tradi\u00e7\u00e3o ga\u00facha. \u00c9 um ex\u00edmio violonista, al\u00e9m de compositor. Teve uma amizade bem chegada com o S\u00e9rgio Pimenta, o que lhe rendeu o privil\u00e9gio de produzir algumas can\u00e7\u00f5es [&#8230;]<\/p>\n","protected":false},"author":9,"featured_media":0,"comment_status":"open","ping_status":"open","sticky":false,"template":"","format":"standard","meta":{"footnotes":""},"categories":[116],"tags":[11326,11325],"class_list":["post-981","post","type-post","status-publish","format-standard","hentry","category-blog","tag-ernesto-fagundes","tag-quico-fagundes"],"_links":{"self":[{"href":"https:\/\/ultimato.com.br\/sites\/carlinhosveiga\/wp-json\/wp\/v2\/posts\/981","targetHints":{"allow":["GET"]}}],"collection":[{"href":"https:\/\/ultimato.com.br\/sites\/carlinhosveiga\/wp-json\/wp\/v2\/posts"}],"about":[{"href":"https:\/\/ultimato.com.br\/sites\/carlinhosveiga\/wp-json\/wp\/v2\/types\/post"}],"author":[{"embeddable":true,"href":"https:\/\/ultimato.com.br\/sites\/carlinhosveiga\/wp-json\/wp\/v2\/users\/9"}],"replies":[{"embeddable":true,"href":"https:\/\/ultimato.com.br\/sites\/carlinhosveiga\/wp-json\/wp\/v2\/comments?post=981"}],"version-history":[{"count":4,"href":"https:\/\/ultimato.com.br\/sites\/carlinhosveiga\/wp-json\/wp\/v2\/posts\/981\/revisions"}],"predecessor-version":[{"id":983,"href":"https:\/\/ultimato.com.br\/sites\/carlinhosveiga\/wp-json\/wp\/v2\/posts\/981\/revisions\/983"}],"wp:attachment":[{"href":"https:\/\/ultimato.com.br\/sites\/carlinhosveiga\/wp-json\/wp\/v2\/media?parent=981"}],"wp:term":[{"taxonomy":"category","embeddable":true,"href":"https:\/\/ultimato.com.br\/sites\/carlinhosveiga\/wp-json\/wp\/v2\/categories?post=981"},{"taxonomy":"post_tag","embeddable":true,"href":"https:\/\/ultimato.com.br\/sites\/carlinhosveiga\/wp-json\/wp\/v2\/tags?post=981"}],"curies":[{"name":"wp","href":"https:\/\/api.w.org\/{rel}","templated":true}]}}