{"id":976,"date":"2011-10-29T20:06:20","date_gmt":"2011-10-29T23:06:20","guid":{"rendered":"http:\/\/ultimato.com.br\/sites\/carlinhosveiga\/?p=976"},"modified":"2011-10-29T20:06:20","modified_gmt":"2011-10-29T23:06:20","slug":"marcela-fernandes-%e2%80%9catraves-da-janela%e2%80%9d","status":"publish","type":"post","link":"https:\/\/ultimato.com.br\/sites\/carlinhosveiga\/2011\/10\/29\/marcela-fernandes-%e2%80%9catraves-da-janela%e2%80%9d\/","title":{"rendered":"marcela fernandes \u201catrav\u00e9s da janela\u201d"},"content":{"rendered":"<p>Voc\u00ea conhece o trabalho de Marcela Fernandes? Ela faz parte da Vila do Louvor, minist\u00e9rio musical da JOCUM em Piratininga (SP). A Vila do Louvor re\u00fane m\u00fasicos, dan\u00e7arinos, compositores, poetas, atores, fot\u00f3grafos, artistas gr\u00e1ficos \u2013 gente que tem como prop\u00f3sito mudar a realidade ao redor usando as artes crist\u00e3s, tendo por forte fundamento o amor. Esse v\u00eddeo de Marcela Fernandes foi produzida por alguns desses artistas. A can\u00e7\u00e3o se chama \u201cAtrav\u00e9s da Janela\u201d. Para conhecer mais sobre essa miss\u00e3o visite <a href=\"http:\/\/www.viladolouvor.org\/\">www.viladolouvor.org<\/a>.<\/p>\n<p>&nbsp;<\/p>\n<p><iframe loading=\"lazy\" width=\"750\" height=\"422\" src=\"https:\/\/www.youtube.com\/embed\/AUTh9XEFxnU?feature=oembed\" frameborder=\"0\" allowfullscreen><\/iframe><\/p>\n","protected":false},"excerpt":{"rendered":"<p>Voc\u00ea conhece o trabalho de Marcela Fernandes? Ela faz parte da Vila do Louvor, minist\u00e9rio musical da JOCUM em Piratininga (SP). A Vila do Louvor re\u00fane m\u00fasicos, dan\u00e7arinos, compositores, poetas, atores, fot\u00f3grafos, artistas gr\u00e1ficos \u2013 gente que tem como prop\u00f3sito mudar a realidade ao redor usando as artes crist\u00e3s, tendo por forte fundamento o amor. [&#8230;]<\/p>\n","protected":false},"author":9,"featured_media":0,"comment_status":"open","ping_status":"open","sticky":false,"template":"","format":"standard","meta":{"footnotes":""},"categories":[115],"tags":[6444,24323,10389],"class_list":["post-976","post","type-post","status-publish","format-standard","hentry","category-videos","tag-marcela-fernandes","tag-novos-acordes","tag-vila-do-louvor"],"_links":{"self":[{"href":"https:\/\/ultimato.com.br\/sites\/carlinhosveiga\/wp-json\/wp\/v2\/posts\/976","targetHints":{"allow":["GET"]}}],"collection":[{"href":"https:\/\/ultimato.com.br\/sites\/carlinhosveiga\/wp-json\/wp\/v2\/posts"}],"about":[{"href":"https:\/\/ultimato.com.br\/sites\/carlinhosveiga\/wp-json\/wp\/v2\/types\/post"}],"author":[{"embeddable":true,"href":"https:\/\/ultimato.com.br\/sites\/carlinhosveiga\/wp-json\/wp\/v2\/users\/9"}],"replies":[{"embeddable":true,"href":"https:\/\/ultimato.com.br\/sites\/carlinhosveiga\/wp-json\/wp\/v2\/comments?post=976"}],"version-history":[{"count":2,"href":"https:\/\/ultimato.com.br\/sites\/carlinhosveiga\/wp-json\/wp\/v2\/posts\/976\/revisions"}],"predecessor-version":[{"id":978,"href":"https:\/\/ultimato.com.br\/sites\/carlinhosveiga\/wp-json\/wp\/v2\/posts\/976\/revisions\/978"}],"wp:attachment":[{"href":"https:\/\/ultimato.com.br\/sites\/carlinhosveiga\/wp-json\/wp\/v2\/media?parent=976"}],"wp:term":[{"taxonomy":"category","embeddable":true,"href":"https:\/\/ultimato.com.br\/sites\/carlinhosveiga\/wp-json\/wp\/v2\/categories?post=976"},{"taxonomy":"post_tag","embeddable":true,"href":"https:\/\/ultimato.com.br\/sites\/carlinhosveiga\/wp-json\/wp\/v2\/tags?post=976"}],"curies":[{"name":"wp","href":"https:\/\/api.w.org\/{rel}","templated":true}]}}