{"id":971,"date":"2011-10-24T21:56:04","date_gmt":"2011-10-25T00:56:04","guid":{"rendered":"http:\/\/ultimato.com.br\/sites\/carlinhosveiga\/?p=971"},"modified":"2011-10-24T21:56:04","modified_gmt":"2011-10-25T00:56:04","slug":"carlinhos-veiga-e-banda-no-rio-de-janeiro","status":"publish","type":"post","link":"https:\/\/ultimato.com.br\/sites\/carlinhosveiga\/2011\/10\/24\/carlinhos-veiga-e-banda-no-rio-de-janeiro\/","title":{"rendered":"carlinhos veiga e banda no rio de janeiro"},"content":{"rendered":"<p>Cumprindo a agenda de lan\u00e7amentos do DVD e CD Ch\u00e3o pelo Brasil,  Carlinhos Veiga e banda estar\u00e3o no pr\u00f3ximo dia 16 de novembro no Rio de  Janeiro. O show ser\u00e1 no Teatro Rival Petrobr\u00e1s, a partir das 19h30. No  repert\u00f3rio can\u00e7\u00f5es de seus seis trabalhos e alguns arranjos in\u00e9ditos  para can\u00e7\u00f5es da MPB. A produ\u00e7\u00e3o \u00e9 da empresa Scorpion Show  (www.scorpionshow.com) que tem cuidado de produzir as \u00faltimas  apresenta\u00e7\u00f5es do grupo.<\/p>\n<p>Para adquirir os ingressos antecipadamente, visite o site www.rivalpetrobras.com.br.<\/p>\n<p>Nos vemos por l\u00e1!<\/p>\n<p>&nbsp;<\/p>\n<p><a href=\"http:\/\/ultimato.com.br\/sites\/carlinhosveiga\/files\/2011\/10\/pequeno2.jpg\"><img loading=\"lazy\" decoding=\"async\" class=\"aligncenter size-full wp-image-972\" title=\"pequeno\" src=\"http:\/\/ultimato.com.br\/sites\/carlinhosveiga\/files\/2011\/10\/pequeno2.jpg\" alt=\"\" width=\"299\" height=\"427\" srcset=\"https:\/\/ultimato.com.br\/sites\/carlinhosveiga\/files\/2011\/10\/pequeno2.jpg 299w, https:\/\/ultimato.com.br\/sites\/carlinhosveiga\/files\/2011\/10\/pequeno2-210x300.jpg 210w, https:\/\/ultimato.com.br\/sites\/carlinhosveiga\/files\/2011\/10\/pequeno2-105x150.jpg 105w\" sizes=\"auto, (max-width: 299px) 100vw, 299px\" \/><\/a><\/p>\n","protected":false},"excerpt":{"rendered":"<p>Cumprindo a agenda de lan\u00e7amentos do DVD e CD Ch\u00e3o pelo Brasil,  Carlinhos Veiga e banda estar\u00e3o no pr\u00f3ximo dia 16 de novembro no Rio de  Janeiro. O show ser\u00e1 no Teatro Rival Petrobr\u00e1s, a partir das 19h30. No  repert\u00f3rio can\u00e7\u00f5es de seus seis trabalhos e alguns arranjos in\u00e9ditos  para can\u00e7\u00f5es [&#8230;]<\/p>\n","protected":false},"author":9,"featured_media":0,"comment_status":"open","ping_status":"open","sticky":false,"template":"","format":"standard","meta":{"footnotes":""},"categories":[116],"tags":[191,6419,6406,150,6423],"class_list":["post-971","post","type-post","status-publish","format-standard","hentry","category-blog","tag-chao","tag-dvd-chao","tag-dvd-chao-lancamento","tag-mpb","tag-show"],"_links":{"self":[{"href":"https:\/\/ultimato.com.br\/sites\/carlinhosveiga\/wp-json\/wp\/v2\/posts\/971","targetHints":{"allow":["GET"]}}],"collection":[{"href":"https:\/\/ultimato.com.br\/sites\/carlinhosveiga\/wp-json\/wp\/v2\/posts"}],"about":[{"href":"https:\/\/ultimato.com.br\/sites\/carlinhosveiga\/wp-json\/wp\/v2\/types\/post"}],"author":[{"embeddable":true,"href":"https:\/\/ultimato.com.br\/sites\/carlinhosveiga\/wp-json\/wp\/v2\/users\/9"}],"replies":[{"embeddable":true,"href":"https:\/\/ultimato.com.br\/sites\/carlinhosveiga\/wp-json\/wp\/v2\/comments?post=971"}],"version-history":[{"count":2,"href":"https:\/\/ultimato.com.br\/sites\/carlinhosveiga\/wp-json\/wp\/v2\/posts\/971\/revisions"}],"predecessor-version":[{"id":974,"href":"https:\/\/ultimato.com.br\/sites\/carlinhosveiga\/wp-json\/wp\/v2\/posts\/971\/revisions\/974"}],"wp:attachment":[{"href":"https:\/\/ultimato.com.br\/sites\/carlinhosveiga\/wp-json\/wp\/v2\/media?parent=971"}],"wp:term":[{"taxonomy":"category","embeddable":true,"href":"https:\/\/ultimato.com.br\/sites\/carlinhosveiga\/wp-json\/wp\/v2\/categories?post=971"},{"taxonomy":"post_tag","embeddable":true,"href":"https:\/\/ultimato.com.br\/sites\/carlinhosveiga\/wp-json\/wp\/v2\/tags?post=971"}],"curies":[{"name":"wp","href":"https:\/\/api.w.org\/{rel}","templated":true}]}}