{"id":958,"date":"2011-10-24T21:32:48","date_gmt":"2011-10-25T00:32:48","guid":{"rendered":"http:\/\/ultimato.com.br\/sites\/carlinhosveiga\/?p=958"},"modified":"2011-10-24T21:32:48","modified_gmt":"2011-10-25T00:32:48","slug":"cafecultura-em-outubro","status":"publish","type":"post","link":"https:\/\/ultimato.com.br\/sites\/carlinhosveiga\/2011\/10\/24\/cafecultura-em-outubro\/","title":{"rendered":"Caf\u00e9+Cultura em outubro"},"content":{"rendered":"<p>A Igreja Presbiteriana do Lago Norte realiza todo m\u00eas um evento cultural chamado &#8220;Caf\u00e9+Cultura&#8221; levando o melhor da arte brasiliense para a popula\u00e7\u00e3o. Em outubro dois grandes artistas ocupar\u00e3o o espa\u00e7o do evento: Leonel Laterza e banda (m\u00fasica) e M\u00e1rcio Bolson (artes pl\u00e1sticas). Imperd\u00edvel!<\/p>\n<p>Os artistas convidados abrem m\u00e3o de seus cach\u00eas em prol de entidades sociais. Em outubro a entidade beneficiada ser\u00e1 a Miss\u00e3o Vida.<\/p>\n<p>Para reservas de mesas e mais informa\u00e7\u00f5es ligue para (61) 3468-6292, em hor\u00e1rio comercial.<\/p>\n<p>&nbsp;<\/p>\n<p><a href=\"http:\/\/ultimato.com.br\/sites\/carlinhosveiga\/files\/2011\/10\/cartaz-outubro.jpg\"><img loading=\"lazy\" decoding=\"async\" class=\"aligncenter size-medium wp-image-959\" title=\"cartaz-outubro\" src=\"http:\/\/ultimato.com.br\/sites\/carlinhosveiga\/files\/2011\/10\/cartaz-outubro-212x300.jpg\" alt=\"\" width=\"212\" height=\"300\" srcset=\"https:\/\/ultimato.com.br\/sites\/carlinhosveiga\/files\/2011\/10\/cartaz-outubro-212x300.jpg 212w, https:\/\/ultimato.com.br\/sites\/carlinhosveiga\/files\/2011\/10\/cartaz-outubro-723x1024.jpg 723w, https:\/\/ultimato.com.br\/sites\/carlinhosveiga\/files\/2011\/10\/cartaz-outubro-106x150.jpg 106w, https:\/\/ultimato.com.br\/sites\/carlinhosveiga\/files\/2011\/10\/cartaz-outubro.jpg 842w\" sizes=\"auto, (max-width: 212px) 100vw, 212px\" \/><\/a><\/p>\n","protected":false},"excerpt":{"rendered":"<p>A Igreja Presbiteriana do Lago Norte realiza todo m\u00eas um evento cultural chamado &#8220;Caf\u00e9+Cultura&#8221; levando o melhor da arte brasiliense para a popula\u00e7\u00e3o. Em outubro dois grandes artistas ocupar\u00e3o o espa\u00e7o do evento: Leonel Laterza e banda (m\u00fasica) e M\u00e1rcio Bolson (artes pl\u00e1sticas). Imperd\u00edvel!<br \/>\nOs artistas convidados abrem m\u00e3o de seus cach\u00eas em prol de entidades [&#8230;]<\/p>\n","protected":false},"author":9,"featured_media":959,"comment_status":"open","ping_status":"open","sticky":false,"template":"","format":"standard","meta":{"footnotes":""},"categories":[116],"tags":[6443],"class_list":["post-958","post","type-post","status-publish","format-standard","has-post-thumbnail","hentry","category-blog","tag-cafecultura"],"_links":{"self":[{"href":"https:\/\/ultimato.com.br\/sites\/carlinhosveiga\/wp-json\/wp\/v2\/posts\/958","targetHints":{"allow":["GET"]}}],"collection":[{"href":"https:\/\/ultimato.com.br\/sites\/carlinhosveiga\/wp-json\/wp\/v2\/posts"}],"about":[{"href":"https:\/\/ultimato.com.br\/sites\/carlinhosveiga\/wp-json\/wp\/v2\/types\/post"}],"author":[{"embeddable":true,"href":"https:\/\/ultimato.com.br\/sites\/carlinhosveiga\/wp-json\/wp\/v2\/users\/9"}],"replies":[{"embeddable":true,"href":"https:\/\/ultimato.com.br\/sites\/carlinhosveiga\/wp-json\/wp\/v2\/comments?post=958"}],"version-history":[{"count":2,"href":"https:\/\/ultimato.com.br\/sites\/carlinhosveiga\/wp-json\/wp\/v2\/posts\/958\/revisions"}],"predecessor-version":[{"id":962,"href":"https:\/\/ultimato.com.br\/sites\/carlinhosveiga\/wp-json\/wp\/v2\/posts\/958\/revisions\/962"}],"wp:featuredmedia":[{"embeddable":true,"href":"https:\/\/ultimato.com.br\/sites\/carlinhosveiga\/wp-json\/wp\/v2\/media\/959"}],"wp:attachment":[{"href":"https:\/\/ultimato.com.br\/sites\/carlinhosveiga\/wp-json\/wp\/v2\/media?parent=958"}],"wp:term":[{"taxonomy":"category","embeddable":true,"href":"https:\/\/ultimato.com.br\/sites\/carlinhosveiga\/wp-json\/wp\/v2\/categories?post=958"},{"taxonomy":"post_tag","embeddable":true,"href":"https:\/\/ultimato.com.br\/sites\/carlinhosveiga\/wp-json\/wp\/v2\/tags?post=958"}],"curies":[{"name":"wp","href":"https:\/\/api.w.org\/{rel}","templated":true}]}}