{"id":955,"date":"2011-10-15T16:13:14","date_gmt":"2011-10-15T19:13:14","guid":{"rendered":"http:\/\/ultimato.com.br\/sites\/carlinhosveiga\/?p=955"},"modified":"2011-10-15T16:13:14","modified_gmt":"2011-10-15T19:13:14","slug":"participamos-no-6%c2%ba-cbm","status":"publish","type":"post","link":"https:\/\/ultimato.com.br\/sites\/carlinhosveiga\/2011\/10\/15\/participamos-no-6%c2%ba-cbm\/","title":{"rendered":"participamos no 6\u00ba cbm"},"content":{"rendered":"<p><a href=\"http:\/\/ultimato.com.br\/sites\/carlinhosveiga\/files\/2011\/10\/cbm.jpg\"><img loading=\"lazy\" decoding=\"async\" class=\"alignright size-medium wp-image-956\" title=\"cbm\" src=\"http:\/\/ultimato.com.br\/sites\/carlinhosveiga\/files\/2011\/10\/cbm-300x201.jpg\" alt=\"\" width=\"300\" height=\"201\" srcset=\"https:\/\/ultimato.com.br\/sites\/carlinhosveiga\/files\/2011\/10\/cbm-300x201.jpg 300w, https:\/\/ultimato.com.br\/sites\/carlinhosveiga\/files\/2011\/10\/cbm-150x100.jpg 150w, https:\/\/ultimato.com.br\/sites\/carlinhosveiga\/files\/2011\/10\/cbm.jpg 600w\" sizes=\"auto, (max-width: 300px) 100vw, 300px\" \/><\/a>Semana passada tive o privil\u00e9gio de participar do 6<sup>o<\/sup> Congresso Brasileiro de Miss\u00f5es, realizado pela AMTB \u2013 uma rede de ag\u00eancias mission\u00e1rias brasileiras. Aconteceu entre os dias 10 a 14 de outubro em Caldas Novas (GO). Foi um congresso simplesmente fant\u00e1stico com palavras desafiadoras e edificantes. Tivemos o privil\u00e9gio de ouvir Ariovaldo Ramos, Ronaldo Lid\u00f3rio, Carlos Queiroz, Valdir Steuernagel, Henrique Terena, Eli Ticuna, Hernandes Dias Lopes, Tim\u00f3teo Carricker, Augustus Nicodemos, entre v\u00e1rios outros preletores.<\/p>\n<p>Fui o encarregado de conduzir os c\u00e2nticos, o que fiz acompanhado da Cl\u00e1udia Barbosa na flauta (minha esposa), Pedro Veiga no baixo, Leo Barbosa e Ismael Rattis nas percuss\u00f5es.<\/p>\n<p>Agrade\u00e7o a diretoria do 6<sup>o<\/sup> CBM que nos agraciou n\u00e3o somente com o convite, mas sobretudo com o carinho, a aten\u00e7\u00e3o e a liberdade para difundirmos a m\u00fasica e os ritmos brasileiros na adora\u00e7\u00e3o.<\/p>\n<p>Que o movimento mission\u00e1rio no Brasil n\u00e3o se cale, ao contr\u00e1rio, seja cada vez mais inflamado pelo Esp\u00edrito Santo \u2013 Ele que \u00e9 o grande promotor de miss\u00f5es.<\/p>\n","protected":false},"excerpt":{"rendered":"<p>Semana passada tive o privil\u00e9gio de participar do 6o Congresso Brasileiro de Miss\u00f5es, realizado pela AMTB \u2013 uma rede de ag\u00eancias mission\u00e1rias brasileiras. Aconteceu entre os dias 10 a 14 de outubro em Caldas Novas (GO). Foi um congresso simplesmente fant\u00e1stico com palavras desafiadoras e edificantes. Tivemos o privil\u00e9gio de ouvir Ariovaldo Ramos, Ronaldo Lid\u00f3rio, [&#8230;]<\/p>\n","protected":false},"author":9,"featured_media":0,"comment_status":"open","ping_status":"open","sticky":false,"template":"","format":"standard","meta":{"footnotes":""},"categories":[116],"tags":[6440,6442,6441],"class_list":["post-955","post","type-post","status-publish","format-standard","hentry","category-blog","tag-6-cbm","tag-louvor-e-adoracao","tag-musica-brasileira"],"_links":{"self":[{"href":"https:\/\/ultimato.com.br\/sites\/carlinhosveiga\/wp-json\/wp\/v2\/posts\/955","targetHints":{"allow":["GET"]}}],"collection":[{"href":"https:\/\/ultimato.com.br\/sites\/carlinhosveiga\/wp-json\/wp\/v2\/posts"}],"about":[{"href":"https:\/\/ultimato.com.br\/sites\/carlinhosveiga\/wp-json\/wp\/v2\/types\/post"}],"author":[{"embeddable":true,"href":"https:\/\/ultimato.com.br\/sites\/carlinhosveiga\/wp-json\/wp\/v2\/users\/9"}],"replies":[{"embeddable":true,"href":"https:\/\/ultimato.com.br\/sites\/carlinhosveiga\/wp-json\/wp\/v2\/comments?post=955"}],"version-history":[{"count":1,"href":"https:\/\/ultimato.com.br\/sites\/carlinhosveiga\/wp-json\/wp\/v2\/posts\/955\/revisions"}],"predecessor-version":[{"id":957,"href":"https:\/\/ultimato.com.br\/sites\/carlinhosveiga\/wp-json\/wp\/v2\/posts\/955\/revisions\/957"}],"wp:attachment":[{"href":"https:\/\/ultimato.com.br\/sites\/carlinhosveiga\/wp-json\/wp\/v2\/media?parent=955"}],"wp:term":[{"taxonomy":"category","embeddable":true,"href":"https:\/\/ultimato.com.br\/sites\/carlinhosveiga\/wp-json\/wp\/v2\/categories?post=955"},{"taxonomy":"post_tag","embeddable":true,"href":"https:\/\/ultimato.com.br\/sites\/carlinhosveiga\/wp-json\/wp\/v2\/tags?post=955"}],"curies":[{"name":"wp","href":"https:\/\/api.w.org\/{rel}","templated":true}]}}