{"id":951,"date":"2011-10-15T15:50:38","date_gmt":"2011-10-15T18:50:38","guid":{"rendered":"http:\/\/ultimato.com.br\/sites\/carlinhosveiga\/?p=951"},"modified":"2011-10-15T15:50:38","modified_gmt":"2011-10-15T18:50:38","slug":"shows-em-brasilia-e-sao-paulo","status":"publish","type":"post","link":"https:\/\/ultimato.com.br\/sites\/carlinhosveiga\/2011\/10\/15\/shows-em-brasilia-e-sao-paulo\/","title":{"rendered":"shows em bras\u00edlia e s\u00e3o paulo"},"content":{"rendered":"<p>No dia 20 de outubro Carlinhos Veiga e banda fazem o show &#8220;Ch\u00e3o&#8221; em Brasilia, no Teatro dos Banc\u00e1rios, 20h. Apresentam as m\u00fasicas do seu mais novo trabalho, sa\u00eddo em DVD e CD. Ele foi gravado num show ao vivo em Piren\u00f3polis (GO) e traz um repert\u00f3rio incr\u00edvel, um resumo desses seis trabalhos autorais produzidos, em mais de 25 anos de carreria. Os ingressos podem ser adquiridos antecipadamente na bilheteria do Teatro dos Banc\u00e1rios, EQS 514\/515.<\/p>\n<p>Em S\u00e3o Paulo, Carlinhos se apresenta no dia 21 de outubro, abrindo o show de Gerson Borges no projeto Autorretrato da M\u00fasica Crist\u00e3, produzido pelo Mackenzie. Para esse show contar\u00e1 com a participa\u00e7\u00e3o dos m\u00fasicos Tiago Vianna, Osm\u00e1rio Marinho e Pedro Veiga, baixista de sua banda. O show tem entrada gratuita e ser\u00e1 realizado no audit\u00f3rio Rui Barbosa da Universidade Mackenzie.<\/p>\n<p>E vem mais pela frente: ainda em outubro Carlinhos se apresenta em Macei\u00f3 e Fortaleza, e em novembro, no Rio de Janeiro.<\/p>\n<p>&nbsp;<\/p>\n<div id=\"attachment_952\" style=\"width: 410px\" class=\"wp-caption aligncenter\"><a href=\"http:\/\/ultimato.com.br\/sites\/carlinhosveiga\/files\/2011\/10\/ShowBrasilia.jpg\"><img loading=\"lazy\" decoding=\"async\" aria-describedby=\"caption-attachment-952\" class=\"size-full wp-image-952\" title=\"ShowBrasilia\" src=\"http:\/\/ultimato.com.br\/sites\/carlinhosveiga\/files\/2011\/10\/ShowBrasilia.jpg\" alt=\"\" width=\"400\" height=\"566\" srcset=\"https:\/\/ultimato.com.br\/sites\/carlinhosveiga\/files\/2011\/10\/ShowBrasilia.jpg 400w, https:\/\/ultimato.com.br\/sites\/carlinhosveiga\/files\/2011\/10\/ShowBrasilia-212x300.jpg 212w, https:\/\/ultimato.com.br\/sites\/carlinhosveiga\/files\/2011\/10\/ShowBrasilia-106x150.jpg 106w\" sizes=\"auto, (max-width: 400px) 100vw, 400px\" \/><\/a><p id=\"caption-attachment-952\" class=\"wp-caption-text\">Carlinhos Veiga e banda se apresentam no Teatro dos Banc\u00e1rios, em Bras\u00edlia<\/p><\/div>\n","protected":false},"excerpt":{"rendered":"<p>No dia 20 de outubro Carlinhos Veiga e banda fazem o show &#8220;Ch\u00e3o&#8221; em Brasilia, no Teatro dos Banc\u00e1rios, 20h. Apresentam as m\u00fasicas do seu mais novo trabalho, sa\u00eddo em DVD e CD. Ele foi gravado num show ao vivo em Piren\u00f3polis (GO) e traz um repert\u00f3rio incr\u00edvel, um resumo desses seis trabalhos autorais produzidos, [&#8230;]<\/p>\n","protected":false},"author":9,"featured_media":0,"comment_status":"open","ping_status":"open","sticky":false,"template":"","format":"standard","meta":{"footnotes":""},"categories":[116],"tags":[191,6406,166,6439,6423],"class_list":["post-951","post","type-post","status-publish","format-standard","hentry","category-blog","tag-chao","tag-dvd-chao-lancamento","tag-gerson-borges","tag-mackenzie","tag-show"],"_links":{"self":[{"href":"https:\/\/ultimato.com.br\/sites\/carlinhosveiga\/wp-json\/wp\/v2\/posts\/951","targetHints":{"allow":["GET"]}}],"collection":[{"href":"https:\/\/ultimato.com.br\/sites\/carlinhosveiga\/wp-json\/wp\/v2\/posts"}],"about":[{"href":"https:\/\/ultimato.com.br\/sites\/carlinhosveiga\/wp-json\/wp\/v2\/types\/post"}],"author":[{"embeddable":true,"href":"https:\/\/ultimato.com.br\/sites\/carlinhosveiga\/wp-json\/wp\/v2\/users\/9"}],"replies":[{"embeddable":true,"href":"https:\/\/ultimato.com.br\/sites\/carlinhosveiga\/wp-json\/wp\/v2\/comments?post=951"}],"version-history":[{"count":1,"href":"https:\/\/ultimato.com.br\/sites\/carlinhosveiga\/wp-json\/wp\/v2\/posts\/951\/revisions"}],"predecessor-version":[{"id":953,"href":"https:\/\/ultimato.com.br\/sites\/carlinhosveiga\/wp-json\/wp\/v2\/posts\/951\/revisions\/953"}],"wp:attachment":[{"href":"https:\/\/ultimato.com.br\/sites\/carlinhosveiga\/wp-json\/wp\/v2\/media?parent=951"}],"wp:term":[{"taxonomy":"category","embeddable":true,"href":"https:\/\/ultimato.com.br\/sites\/carlinhosveiga\/wp-json\/wp\/v2\/categories?post=951"},{"taxonomy":"post_tag","embeddable":true,"href":"https:\/\/ultimato.com.br\/sites\/carlinhosveiga\/wp-json\/wp\/v2\/tags?post=951"}],"curies":[{"name":"wp","href":"https:\/\/api.w.org\/{rel}","templated":true}]}}