{"id":935,"date":"2011-09-23T08:21:11","date_gmt":"2011-09-23T11:21:11","guid":{"rendered":"http:\/\/ultimato.com.br\/sites\/carlinhosveiga\/?p=935"},"modified":"2011-09-23T08:25:52","modified_gmt":"2011-09-23T11:25:52","slug":"podcast-21-di-steffano","status":"publish","type":"post","link":"https:\/\/ultimato.com.br\/sites\/carlinhosveiga\/2011\/09\/23\/podcast-21-di-steffano\/","title":{"rendered":"Podcast #21: Di Steffano"},"content":{"rendered":"<p><a href=\"http:\/\/ultimato.com.br\/sites\/carlinhosveiga\/files\/2011\/09\/21_09_disteffano.jpg\"><img loading=\"lazy\" decoding=\"async\" class=\"alignright size-thumbnail wp-image-947\" src=\"http:\/\/ultimato.com.br\/sites\/carlinhosveiga\/files\/2011\/09\/21_09_disteffano-150x150.jpg\" alt=\"\" width=\"150\" height=\"150\" srcset=\"https:\/\/ultimato.com.br\/sites\/carlinhosveiga\/files\/2011\/09\/21_09_disteffano-150x150.jpg 150w, https:\/\/ultimato.com.br\/sites\/carlinhosveiga\/files\/2011\/09\/21_09_disteffano-64x64.jpg 64w\" sizes=\"auto, (max-width: 150px) 100vw, 150px\" \/><\/a>O convidado da nova se\u00e7\u00e3o de Novos Acordes \u00e9 o baterista\u00a0Di Steffano.\u00a0Conversamos sobre o seu novo CD de\u00a0m\u00fasica instrumental, &#8220;Outros Mares&#8221;.<\/p>\n<p>Di \u00e9 um irm\u00e3o em Cristo e m\u00fasico competente, que acompanha muitos\u00a0nomes da MPB.<\/p>\n<p>Espero que gostem!<\/p>\n","protected":false},"excerpt":{"rendered":"<p>O convidado da nova se\u00e7\u00e3o de Novos Acordes \u00e9 o baterista\u00a0Di Steffano.\u00a0Conversamos sobre o seu novo CD de\u00a0m\u00fasica instrumental, &#8220;Outros Mares&#8221;.<br \/>\nDi \u00e9 um irm\u00e3o em Cristo e m\u00fasico competente, que acompanha muitos\u00a0nomes da MPB.<br \/>\nEspero que gostem!<\/p>\n","protected":false},"author":9,"featured_media":0,"comment_status":"open","ping_status":"open","sticky":false,"template":"","format":"standard","meta":{"footnotes":""},"categories":[117],"tags":[],"class_list":["post-935","post","type-post","status-publish","format-standard","hentry","category-novos-acordes"],"_links":{"self":[{"href":"https:\/\/ultimato.com.br\/sites\/carlinhosveiga\/wp-json\/wp\/v2\/posts\/935","targetHints":{"allow":["GET"]}}],"collection":[{"href":"https:\/\/ultimato.com.br\/sites\/carlinhosveiga\/wp-json\/wp\/v2\/posts"}],"about":[{"href":"https:\/\/ultimato.com.br\/sites\/carlinhosveiga\/wp-json\/wp\/v2\/types\/post"}],"author":[{"embeddable":true,"href":"https:\/\/ultimato.com.br\/sites\/carlinhosveiga\/wp-json\/wp\/v2\/users\/9"}],"replies":[{"embeddable":true,"href":"https:\/\/ultimato.com.br\/sites\/carlinhosveiga\/wp-json\/wp\/v2\/comments?post=935"}],"version-history":[{"count":4,"href":"https:\/\/ultimato.com.br\/sites\/carlinhosveiga\/wp-json\/wp\/v2\/posts\/935\/revisions"}],"predecessor-version":[{"id":950,"href":"https:\/\/ultimato.com.br\/sites\/carlinhosveiga\/wp-json\/wp\/v2\/posts\/935\/revisions\/950"}],"wp:attachment":[{"href":"https:\/\/ultimato.com.br\/sites\/carlinhosveiga\/wp-json\/wp\/v2\/media?parent=935"}],"wp:term":[{"taxonomy":"category","embeddable":true,"href":"https:\/\/ultimato.com.br\/sites\/carlinhosveiga\/wp-json\/wp\/v2\/categories?post=935"},{"taxonomy":"post_tag","embeddable":true,"href":"https:\/\/ultimato.com.br\/sites\/carlinhosveiga\/wp-json\/wp\/v2\/tags?post=935"}],"curies":[{"name":"wp","href":"https:\/\/api.w.org\/{rel}","templated":true}]}}