{"id":922,"date":"2011-09-10T18:40:58","date_gmt":"2011-09-10T21:40:58","guid":{"rendered":"http:\/\/ultimato.com.br\/sites\/carlinhosveiga\/?p=922"},"modified":"2011-09-15T11:59:10","modified_gmt":"2011-09-15T14:59:10","slug":"dvd-chao-e-a-cancao-morena","status":"publish","type":"post","link":"https:\/\/ultimato.com.br\/sites\/carlinhosveiga\/2011\/09\/10\/dvd-chao-e-a-cancao-morena\/","title":{"rendered":"DVD Ch\u00e3o e a can\u00e7\u00e3o Morena"},"content":{"rendered":"<p><object width=\"560\" height=\"345\">Teaser para o lan\u00e7amento do DVD Ch\u00e3o.<\/object>Olemir C\u00e2ndido, <object width=\"560\" height=\"345\">t\u00e9cnico de \u00e1udio da Bandol\u00ea produ\u00e7\u00f5es, captava o \u00e1udio tranquilamente enquanto no palco Carlinhos Veiga e banda cantavam a can\u00e7\u00e3o Morena, de Gustavo Veiga e Carlos Brand\u00e3o.<param name=\"movie\" value=\"http:\/\/www.youtube.com\/v\/oLMA-Q7HVSE?version=3&amp;hl=en_US&amp;rel=0\" \/><param name=\"allowFullScreen\" value=\"true\" \/><param name=\"allowscriptaccess\" value=\"always\" \/><embed type=\"application\/x-shockwave-flash\" width=\"560\" height=\"345\" src=\"http:\/\/www.youtube.com\/v\/oLMA-Q7HVSE?version=3&amp;hl=en_US&amp;rel=0\" allowscriptaccess=\"always\" allowfullscreen=\"true\"><\/embed><\/object><\/p>\n","protected":false},"excerpt":{"rendered":"<p>Teaser para o lan\u00e7amento do DVD Ch\u00e3o.Olemir C\u00e2ndido, t\u00e9cnico de \u00e1udio da Bandol\u00ea produ\u00e7\u00f5es, captava o \u00e1udio tranquilamente enquanto no palco Carlinhos Veiga e banda cantavam a can\u00e7\u00e3o Morena, de Gustavo Veiga e Carlos Brand\u00e3o.<\/p>\n","protected":false},"author":9,"featured_media":0,"comment_status":"open","ping_status":"open","sticky":false,"template":"","format":"standard","meta":{"footnotes":""},"categories":[115],"tags":[6419,194,6436,6423],"class_list":["post-922","post","type-post","status-publish","format-standard","hentry","category-videos","tag-dvd-chao","tag-olemir","tag-promo","tag-show"],"_links":{"self":[{"href":"https:\/\/ultimato.com.br\/sites\/carlinhosveiga\/wp-json\/wp\/v2\/posts\/922","targetHints":{"allow":["GET"]}}],"collection":[{"href":"https:\/\/ultimato.com.br\/sites\/carlinhosveiga\/wp-json\/wp\/v2\/posts"}],"about":[{"href":"https:\/\/ultimato.com.br\/sites\/carlinhosveiga\/wp-json\/wp\/v2\/types\/post"}],"author":[{"embeddable":true,"href":"https:\/\/ultimato.com.br\/sites\/carlinhosveiga\/wp-json\/wp\/v2\/users\/9"}],"replies":[{"embeddable":true,"href":"https:\/\/ultimato.com.br\/sites\/carlinhosveiga\/wp-json\/wp\/v2\/comments?post=922"}],"version-history":[{"count":3,"href":"https:\/\/ultimato.com.br\/sites\/carlinhosveiga\/wp-json\/wp\/v2\/posts\/922\/revisions"}],"predecessor-version":[{"id":929,"href":"https:\/\/ultimato.com.br\/sites\/carlinhosveiga\/wp-json\/wp\/v2\/posts\/922\/revisions\/929"}],"wp:attachment":[{"href":"https:\/\/ultimato.com.br\/sites\/carlinhosveiga\/wp-json\/wp\/v2\/media?parent=922"}],"wp:term":[{"taxonomy":"category","embeddable":true,"href":"https:\/\/ultimato.com.br\/sites\/carlinhosveiga\/wp-json\/wp\/v2\/categories?post=922"},{"taxonomy":"post_tag","embeddable":true,"href":"https:\/\/ultimato.com.br\/sites\/carlinhosveiga\/wp-json\/wp\/v2\/tags?post=922"}],"curies":[{"name":"wp","href":"https:\/\/api.w.org\/{rel}","templated":true}]}}