{"id":920,"date":"2011-09-10T18:38:00","date_gmt":"2011-09-10T21:38:00","guid":{"rendered":"http:\/\/ultimato.com.br\/sites\/carlinhosveiga\/?p=920"},"modified":"2011-09-15T12:03:01","modified_gmt":"2011-09-15T15:03:01","slug":"horacinho-conta-causo-no-dvd-chao","status":"publish","type":"post","link":"https:\/\/ultimato.com.br\/sites\/carlinhosveiga\/2011\/09\/10\/horacinho-conta-causo-no-dvd-chao\/","title":{"rendered":"Horacinho conta causo no DVD Ch\u00e3o"},"content":{"rendered":"<p><object width=\"560\" height=\"345\">Um momento de pura descontra\u00e7\u00e3o ao redor de uma mesa farta com o Caf\u00e9 Sertanejo da Fazenda Babil\u00f4nia. Horacinho conta um causo engra\u00e7ado do sert\u00e3o goiano. Esse v\u00eddeo \u00e9 um teaser de divulga\u00e7\u00e3o do DVD Ch\u00e3o de Carlinhos Veiga e banda.<param name=\"movie\" value=\"http:\/\/www.youtube.com\/v\/wLTslSd8LUM?version=3&amp;hl=en_US&amp;rel=0\" \/><param name=\"allowFullScreen\" value=\"true\" \/><param name=\"allowscriptaccess\" value=\"always\" \/><embed type=\"application\/x-shockwave-flash\" width=\"560\" height=\"345\" src=\"http:\/\/www.youtube.com\/v\/wLTslSd8LUM?version=3&amp;hl=en_US&amp;rel=0\" allowscriptaccess=\"always\" allowfullscreen=\"true\"><\/embed><\/object><\/p>\n","protected":false},"excerpt":{"rendered":"<p>Um momento de pura descontra\u00e7\u00e3o ao redor de uma mesa farta com o Caf\u00e9 Sertanejo da Fazenda Babil\u00f4nia. Horacinho conta um causo engra\u00e7ado do sert\u00e3o goiano. Esse v\u00eddeo \u00e9 um teaser de divulga\u00e7\u00e3o do DVD Ch\u00e3o de Carlinhos Veiga e banda.<\/p>\n","protected":false},"author":9,"featured_media":0,"comment_status":"open","ping_status":"open","sticky":false,"template":"","format":"standard","meta":{"footnotes":""},"categories":[115],"tags":[6438,191,6419],"class_list":["post-920","post","type-post","status-publish","format-standard","hentry","category-videos","tag-causo","tag-chao","tag-dvd-chao"],"_links":{"self":[{"href":"https:\/\/ultimato.com.br\/sites\/carlinhosveiga\/wp-json\/wp\/v2\/posts\/920","targetHints":{"allow":["GET"]}}],"collection":[{"href":"https:\/\/ultimato.com.br\/sites\/carlinhosveiga\/wp-json\/wp\/v2\/posts"}],"about":[{"href":"https:\/\/ultimato.com.br\/sites\/carlinhosveiga\/wp-json\/wp\/v2\/types\/post"}],"author":[{"embeddable":true,"href":"https:\/\/ultimato.com.br\/sites\/carlinhosveiga\/wp-json\/wp\/v2\/users\/9"}],"replies":[{"embeddable":true,"href":"https:\/\/ultimato.com.br\/sites\/carlinhosveiga\/wp-json\/wp\/v2\/comments?post=920"}],"version-history":[{"count":3,"href":"https:\/\/ultimato.com.br\/sites\/carlinhosveiga\/wp-json\/wp\/v2\/posts\/920\/revisions"}],"predecessor-version":[{"id":931,"href":"https:\/\/ultimato.com.br\/sites\/carlinhosveiga\/wp-json\/wp\/v2\/posts\/920\/revisions\/931"}],"wp:attachment":[{"href":"https:\/\/ultimato.com.br\/sites\/carlinhosveiga\/wp-json\/wp\/v2\/media?parent=920"}],"wp:term":[{"taxonomy":"category","embeddable":true,"href":"https:\/\/ultimato.com.br\/sites\/carlinhosveiga\/wp-json\/wp\/v2\/categories?post=920"},{"taxonomy":"post_tag","embeddable":true,"href":"https:\/\/ultimato.com.br\/sites\/carlinhosveiga\/wp-json\/wp\/v2\/tags?post=920"}],"curies":[{"name":"wp","href":"https:\/\/api.w.org\/{rel}","templated":true}]}}