{"id":918,"date":"2011-09-10T18:36:24","date_gmt":"2011-09-10T21:36:24","guid":{"rendered":"http:\/\/ultimato.com.br\/sites\/carlinhosveiga\/?p=918"},"modified":"2011-09-15T12:06:08","modified_gmt":"2011-09-15T15:06:08","slug":"viola-de-cocho-presente-no-dvd-chao","status":"publish","type":"post","link":"https:\/\/ultimato.com.br\/sites\/carlinhosveiga\/2011\/09\/10\/viola-de-cocho-presente-no-dvd-chao\/","title":{"rendered":"Viola de Cocho presente no DVD Ch\u00e3o"},"content":{"rendered":"<p><object width=\"420\" height=\"345\">A viola de cocho \u00e9 um instrumento t\u00edpico da regi\u00e3o matogrossense. De origem portuguesa, \u00e9 utilizada largamente nas festas do Cururu e do Siriri. Carlinhos conversa com Jacar\u00e9, diretor de fotografia do DVD Ch\u00e3o, sobre esse instrumento. Esse v\u00eddeo \u00e9 uma divulga\u00e7\u00e3o do novo trabalho de Carlinhos Veiga e banda.<param name=\"movie\" value=\"http:\/\/www.youtube.com\/v\/esV9ogQdt4U?version=3&amp;hl=en_US&amp;rel=0\" \/><param name=\"allowFullScreen\" value=\"true\" \/><param name=\"allowscriptaccess\" value=\"always\" \/><embed type=\"application\/x-shockwave-flash\" width=\"420\" height=\"345\" src=\"http:\/\/www.youtube.com\/v\/esV9ogQdt4U?version=3&amp;hl=en_US&amp;rel=0\" allowscriptaccess=\"always\" allowfullscreen=\"true\"><\/embed><\/object><\/p>\n","protected":false},"excerpt":{"rendered":"<p>A viola de cocho \u00e9 um instrumento t\u00edpico da regi\u00e3o matogrossense. De origem portuguesa, \u00e9 utilizada largamente nas festas do Cururu e do Siriri. Carlinhos conversa com Jacar\u00e9, diretor de fotografia do DVD Ch\u00e3o, sobre esse instrumento. Esse v\u00eddeo \u00e9 uma divulga\u00e7\u00e3o do novo trabalho de Carlinhos Veiga e banda.<\/p>\n","protected":false},"author":9,"featured_media":0,"comment_status":"open","ping_status":"open","sticky":false,"template":"","format":"standard","meta":{"footnotes":""},"categories":[115],"tags":[6419,6436,6437],"class_list":["post-918","post","type-post","status-publish","format-standard","hentry","category-videos","tag-dvd-chao","tag-promo","tag-viola-de-cocho"],"_links":{"self":[{"href":"https:\/\/ultimato.com.br\/sites\/carlinhosveiga\/wp-json\/wp\/v2\/posts\/918","targetHints":{"allow":["GET"]}}],"collection":[{"href":"https:\/\/ultimato.com.br\/sites\/carlinhosveiga\/wp-json\/wp\/v2\/posts"}],"about":[{"href":"https:\/\/ultimato.com.br\/sites\/carlinhosveiga\/wp-json\/wp\/v2\/types\/post"}],"author":[{"embeddable":true,"href":"https:\/\/ultimato.com.br\/sites\/carlinhosveiga\/wp-json\/wp\/v2\/users\/9"}],"replies":[{"embeddable":true,"href":"https:\/\/ultimato.com.br\/sites\/carlinhosveiga\/wp-json\/wp\/v2\/comments?post=918"}],"version-history":[{"count":3,"href":"https:\/\/ultimato.com.br\/sites\/carlinhosveiga\/wp-json\/wp\/v2\/posts\/918\/revisions"}],"predecessor-version":[{"id":934,"href":"https:\/\/ultimato.com.br\/sites\/carlinhosveiga\/wp-json\/wp\/v2\/posts\/918\/revisions\/934"}],"wp:attachment":[{"href":"https:\/\/ultimato.com.br\/sites\/carlinhosveiga\/wp-json\/wp\/v2\/media?parent=918"}],"wp:term":[{"taxonomy":"category","embeddable":true,"href":"https:\/\/ultimato.com.br\/sites\/carlinhosveiga\/wp-json\/wp\/v2\/categories?post=918"},{"taxonomy":"post_tag","embeddable":true,"href":"https:\/\/ultimato.com.br\/sites\/carlinhosveiga\/wp-json\/wp\/v2\/tags?post=918"}],"curies":[{"name":"wp","href":"https:\/\/api.w.org\/{rel}","templated":true}]}}