{"id":911,"date":"2011-09-10T18:22:40","date_gmt":"2011-09-10T21:22:40","guid":{"rendered":"http:\/\/ultimato.com.br\/sites\/carlinhosveiga\/?p=911"},"modified":"2011-09-15T12:22:34","modified_gmt":"2011-09-15T15:22:34","slug":"amplificador-vai-ao-show-de-carlinhos-veiga-em-bh","status":"publish","type":"post","link":"https:\/\/ultimato.com.br\/sites\/carlinhosveiga\/2011\/09\/10\/amplificador-vai-ao-show-de-carlinhos-veiga-em-bh\/","title":{"rendered":"Amplificador vai ao show de Carlinhos Veiga em BH"},"content":{"rendered":"<p><object width=\"480\" height=\"390\">Em agosto de 2011, Carlinhos Veiga e banda fizeram o lan\u00e7amento do DVD Ch\u00e3o no Teatro da Biblioteca P\u00fablica, em Belo Horizonte. Com participa\u00e7\u00e3o do conhecido violeiro Chico Lobo, o show contou com um bom p\u00fablico que se alegrou ao som da m\u00fasica regional. O programa Amplificador, da Rede Super, esteve presente e conferiu o show. Assista a mat\u00e9ria!<param name=\"movie\" value=\"http:\/\/www.youtube.com\/v\/HkSyjHjtn-o?version=3&amp;hl=en_US&amp;rel=0\" \/><param name=\"allowFullScreen\" value=\"true\" \/><param name=\"allowscriptaccess\" value=\"always\" \/><embed type=\"application\/x-shockwave-flash\" width=\"480\" height=\"390\" src=\"http:\/\/www.youtube.com\/v\/HkSyjHjtn-o?version=3&amp;hl=en_US&amp;rel=0\" allowscriptaccess=\"always\" allowfullscreen=\"true\"><\/embed><\/object><\/p>\n","protected":false},"excerpt":{"rendered":"<p>Em agosto de 2011, Carlinhos Veiga e banda fizeram o lan\u00e7amento do DVD Ch\u00e3o no Teatro da Biblioteca P\u00fablica, em Belo Horizonte. Com participa\u00e7\u00e3o do conhecido violeiro Chico Lobo, o show contou com um bom p\u00fablico que se alegrou ao som da m\u00fasica regional. O programa Amplificador, da Rede Super, esteve presente e conferiu o [&#8230;]<\/p>\n","protected":false},"author":9,"featured_media":0,"comment_status":"open","ping_status":"open","sticky":false,"template":"","format":"standard","meta":{"footnotes":""},"categories":[115],"tags":[6433,6435,6434,6432],"class_list":["post-911","post","type-post","status-publish","format-standard","hentry","category-videos","tag-amplificador","tag-chico-lobo","tag-rede-tv","tag-tv"],"_links":{"self":[{"href":"https:\/\/ultimato.com.br\/sites\/carlinhosveiga\/wp-json\/wp\/v2\/posts\/911","targetHints":{"allow":["GET"]}}],"collection":[{"href":"https:\/\/ultimato.com.br\/sites\/carlinhosveiga\/wp-json\/wp\/v2\/posts"}],"about":[{"href":"https:\/\/ultimato.com.br\/sites\/carlinhosveiga\/wp-json\/wp\/v2\/types\/post"}],"author":[{"embeddable":true,"href":"https:\/\/ultimato.com.br\/sites\/carlinhosveiga\/wp-json\/wp\/v2\/users\/9"}],"replies":[{"embeddable":true,"href":"https:\/\/ultimato.com.br\/sites\/carlinhosveiga\/wp-json\/wp\/v2\/comments?post=911"}],"version-history":[{"count":3,"href":"https:\/\/ultimato.com.br\/sites\/carlinhosveiga\/wp-json\/wp\/v2\/posts\/911\/revisions"}],"predecessor-version":[{"id":943,"href":"https:\/\/ultimato.com.br\/sites\/carlinhosveiga\/wp-json\/wp\/v2\/posts\/911\/revisions\/943"}],"wp:attachment":[{"href":"https:\/\/ultimato.com.br\/sites\/carlinhosveiga\/wp-json\/wp\/v2\/media?parent=911"}],"wp:term":[{"taxonomy":"category","embeddable":true,"href":"https:\/\/ultimato.com.br\/sites\/carlinhosveiga\/wp-json\/wp\/v2\/categories?post=911"},{"taxonomy":"post_tag","embeddable":true,"href":"https:\/\/ultimato.com.br\/sites\/carlinhosveiga\/wp-json\/wp\/v2\/tags?post=911"}],"curies":[{"name":"wp","href":"https:\/\/api.w.org\/{rel}","templated":true}]}}