{"id":905,"date":"2011-09-10T18:15:59","date_gmt":"2011-09-10T21:15:59","guid":{"rendered":"http:\/\/ultimato.com.br\/sites\/carlinhosveiga\/?p=905"},"modified":"2011-09-15T12:25:30","modified_gmt":"2011-09-15T15:25:30","slug":"programa-refrao-recebe-carlinhos-veiga-e-banda","status":"publish","type":"post","link":"https:\/\/ultimato.com.br\/sites\/carlinhosveiga\/2011\/09\/10\/programa-refrao-recebe-carlinhos-veiga-e-banda\/","title":{"rendered":"Programa Refr\u00e3o recebe Carlinhos Veiga e banda"},"content":{"rendered":"<p><object width=\"480\" height=\"390\">O programa Refr\u00e3o, da TV Justi\u00e7a, divulga os valores da M\u00fasica Popular Brasileira. Este programa tem repercuss\u00e3o nacional. No m\u00eas de agosto de 2011, um dos artistas convidados foi Carlinhos Veiga que divulgou o seu mais novo trabalho, o DVD e CD Ch\u00e3o. Confira essa entrevista.<param name=\"movie\" value=\"http:\/\/www.youtube.com\/v\/zPClpMD8Qpk?version=3&amp;hl=en_US&amp;rel=0\" \/><param name=\"allowFullScreen\" value=\"true\" \/><param name=\"allowscriptaccess\" value=\"always\" \/><embed type=\"application\/x-shockwave-flash\" width=\"480\" height=\"390\" src=\"http:\/\/www.youtube.com\/v\/zPClpMD8Qpk?version=3&amp;hl=en_US&amp;rel=0\" allowscriptaccess=\"always\" allowfullscreen=\"true\"><\/embed><\/object><\/p>\n","protected":false},"excerpt":{"rendered":"<p>O programa Refr\u00e3o, da TV Justi\u00e7a, divulga os valores da M\u00fasica Popular Brasileira. Este programa tem repercuss\u00e3o nacional. No m\u00eas de agosto de 2011, um dos artistas convidados foi Carlinhos Veiga que divulgou o seu mais novo trabalho, o DVD e CD Ch\u00e3o. Confira essa entrevista.<\/p>\n","protected":false},"author":9,"featured_media":0,"comment_status":"open","ping_status":"open","sticky":false,"template":"","format":"standard","meta":{"footnotes":""},"categories":[115],"tags":[5898,6429,6432,6430],"class_list":["post-905","post","type-post","status-publish","format-standard","hentry","category-videos","tag-programa","tag-refrao","tag-tv","tag-tv-justica"],"_links":{"self":[{"href":"https:\/\/ultimato.com.br\/sites\/carlinhosveiga\/wp-json\/wp\/v2\/posts\/905","targetHints":{"allow":["GET"]}}],"collection":[{"href":"https:\/\/ultimato.com.br\/sites\/carlinhosveiga\/wp-json\/wp\/v2\/posts"}],"about":[{"href":"https:\/\/ultimato.com.br\/sites\/carlinhosveiga\/wp-json\/wp\/v2\/types\/post"}],"author":[{"embeddable":true,"href":"https:\/\/ultimato.com.br\/sites\/carlinhosveiga\/wp-json\/wp\/v2\/users\/9"}],"replies":[{"embeddable":true,"href":"https:\/\/ultimato.com.br\/sites\/carlinhosveiga\/wp-json\/wp\/v2\/comments?post=905"}],"version-history":[{"count":6,"href":"https:\/\/ultimato.com.br\/sites\/carlinhosveiga\/wp-json\/wp\/v2\/posts\/905\/revisions"}],"predecessor-version":[{"id":909,"href":"https:\/\/ultimato.com.br\/sites\/carlinhosveiga\/wp-json\/wp\/v2\/posts\/905\/revisions\/909"}],"wp:attachment":[{"href":"https:\/\/ultimato.com.br\/sites\/carlinhosveiga\/wp-json\/wp\/v2\/media?parent=905"}],"wp:term":[{"taxonomy":"category","embeddable":true,"href":"https:\/\/ultimato.com.br\/sites\/carlinhosveiga\/wp-json\/wp\/v2\/categories?post=905"},{"taxonomy":"post_tag","embeddable":true,"href":"https:\/\/ultimato.com.br\/sites\/carlinhosveiga\/wp-json\/wp\/v2\/tags?post=905"}],"curies":[{"name":"wp","href":"https:\/\/api.w.org\/{rel}","templated":true}]}}