{"id":894,"date":"2011-08-22T00:42:32","date_gmt":"2011-08-22T03:42:32","guid":{"rendered":"http:\/\/ultimato.com.br\/sites\/carlinhosveiga\/?p=894"},"modified":"2011-08-22T00:42:32","modified_gmt":"2011-08-22T03:42:32","slug":"lancamento-do-dvd-chao-em-bh","status":"publish","type":"post","link":"https:\/\/ultimato.com.br\/sites\/carlinhosveiga\/2011\/08\/22\/lancamento-do-dvd-chao-em-bh\/","title":{"rendered":"Lan\u00e7amento do DVD Ch\u00e3o em BH"},"content":{"rendered":"<p>Na pr\u00f3xima quinta-feira, dia 25 de agosto, estarei com a minha banda lan\u00e7ando o DVD Ch\u00e3o no Teatro da Biblioteca P\u00fablica, na Pra\u00e7a da Liberdade, em BH. Teremos a honra da participa\u00e7\u00e3o especial do violeiro Chico Lobo. Contamos com a sua presen\u00e7a.<\/p>\n<p>Ingressos antecipados na loja Ritmos da Terra, Rua Tupinamb\u00e1s 192, Centro.<\/p>\n<p>&nbsp;<\/p>\n<p><a href=\"http:\/\/ultimato.com.br\/sites\/carlinhosveiga\/files\/2011\/08\/showcarlinhosBH.jpg\"><img loading=\"lazy\" decoding=\"async\" class=\"aligncenter size-medium wp-image-895\" title=\"showcarlinhosBH\" src=\"http:\/\/ultimato.com.br\/sites\/carlinhosveiga\/files\/2011\/08\/showcarlinhosBH-150x300.jpg\" alt=\"\" width=\"150\" height=\"300\" srcset=\"https:\/\/ultimato.com.br\/sites\/carlinhosveiga\/files\/2011\/08\/showcarlinhosBH-150x300.jpg 150w, https:\/\/ultimato.com.br\/sites\/carlinhosveiga\/files\/2011\/08\/showcarlinhosBH-512x1024.jpg 512w, https:\/\/ultimato.com.br\/sites\/carlinhosveiga\/files\/2011\/08\/showcarlinhosBH-75x150.jpg 75w, https:\/\/ultimato.com.br\/sites\/carlinhosveiga\/files\/2011\/08\/showcarlinhosBH.jpg 600w\" sizes=\"auto, (max-width: 150px) 100vw, 150px\" \/><\/a><\/p>\n","protected":false},"excerpt":{"rendered":"<p>Na pr\u00f3xima quinta-feira, dia 25 de agosto, estarei com a minha banda lan\u00e7ando o DVD Ch\u00e3o no Teatro da Biblioteca P\u00fablica, na Pra\u00e7a da Liberdade, em BH. Teremos a honra da participa\u00e7\u00e3o especial do violeiro Chico Lobo. Contamos com a sua presen\u00e7a.<br \/>\nIngressos antecipados na loja Ritmos da Terra, Rua Tupinamb\u00e1s 192, Centro.<br \/>\n&nbsp;<\/p>\n","protected":false},"author":9,"featured_media":0,"comment_status":"open","ping_status":"open","sticky":false,"template":"","format":"standard","meta":{"footnotes":""},"categories":[116],"tags":[191,6406,150,6423],"class_list":["post-894","post","type-post","status-publish","format-standard","hentry","category-blog","tag-chao","tag-dvd-chao-lancamento","tag-mpb","tag-show"],"_links":{"self":[{"href":"https:\/\/ultimato.com.br\/sites\/carlinhosveiga\/wp-json\/wp\/v2\/posts\/894","targetHints":{"allow":["GET"]}}],"collection":[{"href":"https:\/\/ultimato.com.br\/sites\/carlinhosveiga\/wp-json\/wp\/v2\/posts"}],"about":[{"href":"https:\/\/ultimato.com.br\/sites\/carlinhosveiga\/wp-json\/wp\/v2\/types\/post"}],"author":[{"embeddable":true,"href":"https:\/\/ultimato.com.br\/sites\/carlinhosveiga\/wp-json\/wp\/v2\/users\/9"}],"replies":[{"embeddable":true,"href":"https:\/\/ultimato.com.br\/sites\/carlinhosveiga\/wp-json\/wp\/v2\/comments?post=894"}],"version-history":[{"count":2,"href":"https:\/\/ultimato.com.br\/sites\/carlinhosveiga\/wp-json\/wp\/v2\/posts\/894\/revisions"}],"predecessor-version":[{"id":897,"href":"https:\/\/ultimato.com.br\/sites\/carlinhosveiga\/wp-json\/wp\/v2\/posts\/894\/revisions\/897"}],"wp:attachment":[{"href":"https:\/\/ultimato.com.br\/sites\/carlinhosveiga\/wp-json\/wp\/v2\/media?parent=894"}],"wp:term":[{"taxonomy":"category","embeddable":true,"href":"https:\/\/ultimato.com.br\/sites\/carlinhosveiga\/wp-json\/wp\/v2\/categories?post=894"},{"taxonomy":"post_tag","embeddable":true,"href":"https:\/\/ultimato.com.br\/sites\/carlinhosveiga\/wp-json\/wp\/v2\/tags?post=894"}],"curies":[{"name":"wp","href":"https:\/\/api.w.org\/{rel}","templated":true}]}}