{"id":859,"date":"2011-07-19T02:12:39","date_gmt":"2011-07-19T05:12:39","guid":{"rendered":"http:\/\/ultimato.com.br\/sites\/carlinhosveiga\/?p=859"},"modified":"2011-07-19T02:12:52","modified_gmt":"2011-07-19T05:12:52","slug":"consulta-da-ftl-no-centro-oeste-e-norte-muda-de-local","status":"publish","type":"post","link":"https:\/\/ultimato.com.br\/sites\/carlinhosveiga\/2011\/07\/19\/consulta-da-ftl-no-centro-oeste-e-norte-muda-de-local\/","title":{"rendered":"Consulta da FTL no Centro-Oeste e Norte muda de local"},"content":{"rendered":"<p><a href=\"http:\/\/ultimato.com.br\/sites\/carlinhosveiga\/files\/2011\/07\/folder-consulta-webpequeno.jpg\"><img loading=\"lazy\" decoding=\"async\" class=\"alignleft size-medium wp-image-860\" title=\"folder consulta webpequeno\" src=\"http:\/\/ultimato.com.br\/sites\/carlinhosveiga\/files\/2011\/07\/folder-consulta-webpequeno-300x164.jpg\" alt=\"\" width=\"300\" height=\"164\" srcset=\"https:\/\/ultimato.com.br\/sites\/carlinhosveiga\/files\/2011\/07\/folder-consulta-webpequeno-300x164.jpg 300w, https:\/\/ultimato.com.br\/sites\/carlinhosveiga\/files\/2011\/07\/folder-consulta-webpequeno-150x82.jpg 150w, https:\/\/ultimato.com.br\/sites\/carlinhosveiga\/files\/2011\/07\/folder-consulta-webpequeno.jpg 600w\" sizes=\"auto, (max-width: 300px) 100vw, 300px\" \/><\/a>A FTL informa que por raz\u00f5es diversas, foi preciso transferir a Consulta Regional da FTL Centro-Oeste e Norte da cidade de An\u00e1polis para Bras\u00edlia. A data permanecer\u00e1 a mesma (21 a 23 de julho de 2011), bem como os preletores e m\u00fasicos convidados. Espera-se que essa repentina mudan\u00e7a n\u00e3o traga maiores transtornos para os participantes e interessados.<\/p>\n<p>A Consulta ser\u00e1 realizada nas depend\u00eancias da Igreja Presbiteriana do Lago Norte (IPLN), em Bras\u00edlia, pr\u00f3ximo ao Shopping Iguatemi \u2013 SHIN CA 7 Quadra A-1 Lojas 14 e 28 \u2013 Lago Norte. Para maiores informa\u00e7\u00f5es sobre o local, ligue no telefone (61) 3468-6292, em hor\u00e1rio comercial ou visite o site <a href=\"http:\/\/www.ipln.org.br\/\">www.ipln.org.br<\/a>.<\/p>\n<p>Aqueles que necessitarem de hospedagem devem entrar em contato com a equipe organizadora pelo e-mail <a href=\"mailto:ftl.bsb@gmail.com\">ftl.bsb@gmail.com<\/a> ou pelo fone (61) 9218-1302. Eles tentar\u00e3o atender a todos os interessados a custos baix\u00edssimos. As refei\u00e7\u00f5es ser\u00e3o tomadas em restaurantes pr\u00f3ximos \u00e0 IPLN.<\/p>\n","protected":false},"excerpt":{"rendered":"<p>A FTL informa que por raz\u00f5es diversas, foi preciso transferir a Consulta Regional da FTL Centro-Oeste e Norte da cidade de An\u00e1polis para Bras\u00edlia. A data permanecer\u00e1 a mesma (21 a 23 de julho de 2011), bem como os preletores e m\u00fasicos convidados. Espera-se que essa repentina mudan\u00e7a n\u00e3o traga maiores transtornos para os participantes [&#8230;]<\/p>\n","protected":false},"author":9,"featured_media":0,"comment_status":"open","ping_status":"open","sticky":false,"template":"","format":"standard","meta":{"footnotes":""},"categories":[116],"tags":[6428,6396],"class_list":["post-859","post","type-post","status-publish","format-standard","hentry","category-blog","tag-consulta-regional","tag-ftl"],"_links":{"self":[{"href":"https:\/\/ultimato.com.br\/sites\/carlinhosveiga\/wp-json\/wp\/v2\/posts\/859","targetHints":{"allow":["GET"]}}],"collection":[{"href":"https:\/\/ultimato.com.br\/sites\/carlinhosveiga\/wp-json\/wp\/v2\/posts"}],"about":[{"href":"https:\/\/ultimato.com.br\/sites\/carlinhosveiga\/wp-json\/wp\/v2\/types\/post"}],"author":[{"embeddable":true,"href":"https:\/\/ultimato.com.br\/sites\/carlinhosveiga\/wp-json\/wp\/v2\/users\/9"}],"replies":[{"embeddable":true,"href":"https:\/\/ultimato.com.br\/sites\/carlinhosveiga\/wp-json\/wp\/v2\/comments?post=859"}],"version-history":[{"count":3,"href":"https:\/\/ultimato.com.br\/sites\/carlinhosveiga\/wp-json\/wp\/v2\/posts\/859\/revisions"}],"predecessor-version":[{"id":863,"href":"https:\/\/ultimato.com.br\/sites\/carlinhosveiga\/wp-json\/wp\/v2\/posts\/859\/revisions\/863"}],"wp:attachment":[{"href":"https:\/\/ultimato.com.br\/sites\/carlinhosveiga\/wp-json\/wp\/v2\/media?parent=859"}],"wp:term":[{"taxonomy":"category","embeddable":true,"href":"https:\/\/ultimato.com.br\/sites\/carlinhosveiga\/wp-json\/wp\/v2\/categories?post=859"},{"taxonomy":"post_tag","embeddable":true,"href":"https:\/\/ultimato.com.br\/sites\/carlinhosveiga\/wp-json\/wp\/v2\/tags?post=859"}],"curies":[{"name":"wp","href":"https:\/\/api.w.org\/{rel}","templated":true}]}}