{"id":838,"date":"2011-06-20T09:07:33","date_gmt":"2011-06-20T12:07:33","guid":{"rendered":"http:\/\/ultimato.com.br\/sites\/carlinhosveiga\/?p=838"},"modified":"2011-06-20T09:07:33","modified_gmt":"2011-06-20T12:07:33","slug":"consulta-regional-da-ftl-centro-oeste-e-norte","status":"publish","type":"post","link":"https:\/\/ultimato.com.br\/sites\/carlinhosveiga\/2011\/06\/20\/consulta-regional-da-ftl-centro-oeste-e-norte\/","title":{"rendered":"Consulta Regional da FTL Centro-Oeste e Norte"},"content":{"rendered":"<p>Acontece nos dias 21 a 23 de julho de 2011, na UniEvang\u00e9lica, na cidade de An\u00e1polis, mais uma Consulta Regional da Fraternidade Teol\u00f3gica Latino-americana, setor Brasil. Nesse ano acontecem tr\u00eas: Regional Nordeste (no feriado da P\u00e1scoa, em S\u00e3o Luis do Maranh\u00e3o), Regional Sudeste e Sul (no feriado de Corpus Christi, em S\u00e3o Paulo) e a Regional Centro-Oeste e Norte (em An\u00e1polis).<\/p>\n<p>O tema abordado ser\u00e1 &#8220;O discipulado crist\u00e3o diante dos desafios do novo s\u00e9culo&#8221;. Os preletores convidados para abordar o tema s\u00e3o Ariovaldo Ramos, Odja Barros, Ricardo Barbosa, Ronaldo Cavalcante, Wilson Costa, entre outros. Destacamos a presen\u00e7a do presidente continental da FTL, Victor Rey, que situar\u00e1 o congresso CLADE 5, organizado para julho de 2012, dentro do contexto de Edimburgo e Lausanne 3, acontecidos no ano passado.<\/p>\n<p>Um vi\u00e9s que se torna cada vez mais forte da FTL \u00e9 a arte. Teremos na ocasi\u00e3o a participa\u00e7\u00e3o de Rub\u00e3o e Cia, Expresso Luz, Aristeu Pires, entre outros.<\/p>\n<p>Para mais informa\u00e7\u00f5es e inscri\u00e7\u00f5es, escreva para ftl.bsb@gmail.com.<\/p>\n<p><a href=\"http:\/\/ultimato.com.br\/sites\/carlinhosveiga\/files\/2011\/06\/folder-consulta-webpequeno.jpg\"><img loading=\"lazy\" decoding=\"async\" class=\"aligncenter size-medium wp-image-839\" title=\"folder consulta webpequeno\" src=\"http:\/\/ultimato.com.br\/sites\/carlinhosveiga\/files\/2011\/06\/folder-consulta-webpequeno-300x164.jpg\" alt=\"\" width=\"300\" height=\"164\" srcset=\"https:\/\/ultimato.com.br\/sites\/carlinhosveiga\/files\/2011\/06\/folder-consulta-webpequeno-300x164.jpg 300w, https:\/\/ultimato.com.br\/sites\/carlinhosveiga\/files\/2011\/06\/folder-consulta-webpequeno-150x82.jpg 150w, https:\/\/ultimato.com.br\/sites\/carlinhosveiga\/files\/2011\/06\/folder-consulta-webpequeno.jpg 600w\" sizes=\"auto, (max-width: 300px) 100vw, 300px\" \/><\/a><\/p>\n","protected":false},"excerpt":{"rendered":"<p>Acontece nos dias 21 a 23 de julho de 2011, na UniEvang\u00e9lica, na cidade de An\u00e1polis, mais uma Consulta Regional da Fraternidade Teol\u00f3gica Latino-americana, setor Brasil. Nesse ano acontecem tr\u00eas: Regional Nordeste (no feriado da P\u00e1scoa, em S\u00e3o Luis do Maranh\u00e3o), Regional Sudeste e Sul (no feriado de Corpus Christi, em S\u00e3o Paulo) e a [&#8230;]<\/p>\n","protected":false},"author":9,"featured_media":0,"comment_status":"open","ping_status":"open","sticky":false,"template":"","format":"standard","meta":{"footnotes":""},"categories":[116],"tags":[6425,6396,122],"class_list":["post-838","post","type-post","status-publish","format-standard","hentry","category-blog","tag-centro-oeste","tag-ftl","tag-norte"],"_links":{"self":[{"href":"https:\/\/ultimato.com.br\/sites\/carlinhosveiga\/wp-json\/wp\/v2\/posts\/838","targetHints":{"allow":["GET"]}}],"collection":[{"href":"https:\/\/ultimato.com.br\/sites\/carlinhosveiga\/wp-json\/wp\/v2\/posts"}],"about":[{"href":"https:\/\/ultimato.com.br\/sites\/carlinhosveiga\/wp-json\/wp\/v2\/types\/post"}],"author":[{"embeddable":true,"href":"https:\/\/ultimato.com.br\/sites\/carlinhosveiga\/wp-json\/wp\/v2\/users\/9"}],"replies":[{"embeddable":true,"href":"https:\/\/ultimato.com.br\/sites\/carlinhosveiga\/wp-json\/wp\/v2\/comments?post=838"}],"version-history":[{"count":1,"href":"https:\/\/ultimato.com.br\/sites\/carlinhosveiga\/wp-json\/wp\/v2\/posts\/838\/revisions"}],"predecessor-version":[{"id":840,"href":"https:\/\/ultimato.com.br\/sites\/carlinhosveiga\/wp-json\/wp\/v2\/posts\/838\/revisions\/840"}],"wp:attachment":[{"href":"https:\/\/ultimato.com.br\/sites\/carlinhosveiga\/wp-json\/wp\/v2\/media?parent=838"}],"wp:term":[{"taxonomy":"category","embeddable":true,"href":"https:\/\/ultimato.com.br\/sites\/carlinhosveiga\/wp-json\/wp\/v2\/categories?post=838"},{"taxonomy":"post_tag","embeddable":true,"href":"https:\/\/ultimato.com.br\/sites\/carlinhosveiga\/wp-json\/wp\/v2\/tags?post=838"}],"curies":[{"name":"wp","href":"https:\/\/api.w.org\/{rel}","templated":true}]}}