{"id":821,"date":"2011-04-24T14:46:58","date_gmt":"2011-04-24T17:46:58","guid":{"rendered":"http:\/\/ultimato.com.br\/sites\/carlinhosveiga\/?p=821"},"modified":"2011-04-24T14:49:07","modified_gmt":"2011-04-24T17:49:07","slug":"dvd-chao-ficou-pronto","status":"publish","type":"post","link":"https:\/\/ultimato.com.br\/sites\/carlinhosveiga\/2011\/04\/24\/dvd-chao-ficou-pronto\/","title":{"rendered":"DVD Ch\u00e3o ficou pronto!"},"content":{"rendered":"<p><a href=\"http:\/\/ultimato.com.br\/sites\/carlinhosveiga\/files\/2011\/04\/logo_dvd.png\"><img loading=\"lazy\" decoding=\"async\" class=\"alignleft size-medium wp-image-822\" title=\"logo_dvd\" src=\"http:\/\/ultimato.com.br\/sites\/carlinhosveiga\/files\/2011\/04\/logo_dvd-300x210.png\" alt=\"\" width=\"300\" height=\"210\" srcset=\"https:\/\/ultimato.com.br\/sites\/carlinhosveiga\/files\/2011\/04\/logo_dvd-300x210.png 300w, https:\/\/ultimato.com.br\/sites\/carlinhosveiga\/files\/2011\/04\/logo_dvd-150x105.png 150w, https:\/\/ultimato.com.br\/sites\/carlinhosveiga\/files\/2011\/04\/logo_dvd.png 625w\" sizes=\"auto, (max-width: 300px) 100vw, 300px\" \/><\/a>Depois de muita luta nesses dois anos de produ\u00e7\u00e3o, ficou pronto o DVD e o CD Ch\u00e3o. O lan\u00e7amento aconteceu no dia 21 de abril, quinta feira, no Som do C\u00e9u, para um p\u00fablico aproximado de 500 pessoas. Agora \u00e9 rodar esses brasis divulgando o trabalho feito com muito carinho numa parceria com a Toca de Barro Filmes.<\/p>\n<p>Quero deixar aqui minhas palavras de profundo agradecimento a todos aqueles que colaboraram para que esse DVD e CD pudessem ser realizados, satisfazendo totalmente as nossas expectativas, e muitas vezes nos surpreendendo. Aos patrocinadores nosso respeito e profunda gratid\u00e3o por caminharem conosco nesse projeto e investirem na cultura de nosso pa\u00eds. S\u00e3o eles: Esta\u00e7\u00e3o Um, Alcan\u00e7ar Odontologia, Brasnil Im\u00f3veis, Restaurante Esquina da Vila, MV M\u00f3veis e Lord Perfumaria, assim como o apoio da Prefeitura de Piren\u00f3polis.<\/p>\n<p>Aos que se interessarem em adquirir tanto o CD quanto o DVD, podem procur\u00e1-lo no site <a href=\"http:\/\/www.carlinhosveiga.com.br\/\">www.carlinhosveiga.com.br<\/a>. Ele est\u00e1 na \u201clojinha\u201d com os demais produtos.<\/p>\n","protected":false},"excerpt":{"rendered":"<p>Depois de muita luta nesses dois anos de produ\u00e7\u00e3o, ficou pronto o DVD e o CD Ch\u00e3o. O lan\u00e7amento aconteceu no dia 21 de abril, quinta feira, no Som do C\u00e9u, para um p\u00fablico aproximado de 500 pessoas. Agora \u00e9 rodar esses brasis divulgando o trabalho feito com muito carinho numa parceria com a Toca [&#8230;]<\/p>\n","protected":false},"author":9,"featured_media":0,"comment_status":"open","ping_status":"open","sticky":false,"template":"","format":"standard","meta":{"footnotes":""},"categories":[116],"tags":[6421,191,6419,22],"class_list":["post-821","post","type-post","status-publish","format-standard","hentry","category-blog","tag-carlinhos-veiga-e-banda","tag-chao","tag-dvd-chao","tag-lancamento"],"_links":{"self":[{"href":"https:\/\/ultimato.com.br\/sites\/carlinhosveiga\/wp-json\/wp\/v2\/posts\/821","targetHints":{"allow":["GET"]}}],"collection":[{"href":"https:\/\/ultimato.com.br\/sites\/carlinhosveiga\/wp-json\/wp\/v2\/posts"}],"about":[{"href":"https:\/\/ultimato.com.br\/sites\/carlinhosveiga\/wp-json\/wp\/v2\/types\/post"}],"author":[{"embeddable":true,"href":"https:\/\/ultimato.com.br\/sites\/carlinhosveiga\/wp-json\/wp\/v2\/users\/9"}],"replies":[{"embeddable":true,"href":"https:\/\/ultimato.com.br\/sites\/carlinhosveiga\/wp-json\/wp\/v2\/comments?post=821"}],"version-history":[{"count":3,"href":"https:\/\/ultimato.com.br\/sites\/carlinhosveiga\/wp-json\/wp\/v2\/posts\/821\/revisions"}],"predecessor-version":[{"id":824,"href":"https:\/\/ultimato.com.br\/sites\/carlinhosveiga\/wp-json\/wp\/v2\/posts\/821\/revisions\/824"}],"wp:attachment":[{"href":"https:\/\/ultimato.com.br\/sites\/carlinhosveiga\/wp-json\/wp\/v2\/media?parent=821"}],"wp:term":[{"taxonomy":"category","embeddable":true,"href":"https:\/\/ultimato.com.br\/sites\/carlinhosveiga\/wp-json\/wp\/v2\/categories?post=821"},{"taxonomy":"post_tag","embeddable":true,"href":"https:\/\/ultimato.com.br\/sites\/carlinhosveiga\/wp-json\/wp\/v2\/tags?post=821"}],"curies":[{"name":"wp","href":"https:\/\/api.w.org\/{rel}","templated":true}]}}