{"id":815,"date":"2011-04-17T12:41:25","date_gmt":"2011-04-17T15:41:25","guid":{"rendered":"http:\/\/ultimato.com.br\/sites\/carlinhosveiga\/?p=815"},"modified":"2011-04-17T12:42:58","modified_gmt":"2011-04-17T15:42:58","slug":"rene-padilla-em-brasilia","status":"publish","type":"post","link":"https:\/\/ultimato.com.br\/sites\/carlinhosveiga\/2011\/04\/17\/rene-padilla-em-brasilia\/","title":{"rendered":"Ren\u00e9 Padilla em Bras\u00edlia"},"content":{"rendered":"<div id=\"attachment_816\" style=\"width: 310px\" class=\"wp-caption alignleft\"><a href=\"http:\/\/ultimato.com.br\/sites\/carlinhosveiga\/files\/2011\/04\/Rene-pericles-carlinhos-para-site.jpg\"><img loading=\"lazy\" decoding=\"async\" aria-describedby=\"caption-attachment-816\" class=\"size-medium wp-image-816\" title=\"Rene pericles carlinhos para site\" src=\"http:\/\/ultimato.com.br\/sites\/carlinhosveiga\/files\/2011\/04\/Rene-pericles-carlinhos-para-site-300x200.jpg\" alt=\"\" width=\"300\" height=\"200\" srcset=\"https:\/\/ultimato.com.br\/sites\/carlinhosveiga\/files\/2011\/04\/Rene-pericles-carlinhos-para-site-300x200.jpg 300w, https:\/\/ultimato.com.br\/sites\/carlinhosveiga\/files\/2011\/04\/Rene-pericles-carlinhos-para-site-150x100.jpg 150w, https:\/\/ultimato.com.br\/sites\/carlinhosveiga\/files\/2011\/04\/Rene-pericles-carlinhos-para-site.jpg 448w\" sizes=\"auto, (max-width: 300px) 100vw, 300px\" \/><\/a><p id=\"caption-attachment-816\" class=\"wp-caption-text\">P\u00e9ricles, Ren\u00e9 e Carlinhos em frente ao Pal\u00e1cio do Planalto (foto de Thiago Couto)<\/p><\/div>\n<p>No dia 15 de abril passado, aconteceu em Bras\u00edlia o lan\u00e7amento do livro \u201cIgreja: agente de transforma\u00e7\u00e3o\u201d, uma parceria entre a Ediciones Kair\u00f3s e a Miss\u00e3o Alian\u00e7a. Estiveram na Capital Federal Ren\u00e9 Padilla e P\u00e9ricles Couto, organizadores dessa edi\u00e7\u00e3o em portugu\u00eas. O mesmo livro j\u00e1 havia sido lan\u00e7ado anteriormente em espanhol e teve em sua vers\u00e3o brasileira a inser\u00e7\u00e3o de novos cap\u00edtulos com autores nacionais, entre eles Robinson Cavalcanti e Ziel Machado. Eu tamb\u00e9m tive o privil\u00e9gio de escrever um dos cap\u00edtulos.<\/p>\n<p>Na noite de lan\u00e7amento Ren\u00e9 fez uma breve exposi\u00e7\u00e3o sobre o tema seguida de perguntas pelo p\u00fablico presente. Finalizando, P\u00e9ricles Couto e eu prestamos\u00a0uma homenagem a Ren\u00e9 pelos v\u00e1rios anos de servi\u00e7os prestados \u00e0 igreja ao redor do mundo, em especial pela reflex\u00e3o teol\u00f3gica, lideran\u00e7a, apoio \u00e0s novas gera\u00e7\u00f5es e suas inestim\u00e1veis publica\u00e7\u00f5es nos \u00e2mbitos da Fraternidade Teol\u00f3gica Latinoamericana.<\/p>\n<p>Ren\u00e9 \u00e9 um dos fundadores da Fraternidade Teol\u00f3gica Latinoamericana e um dos te\u00f3logos mais expressivos da Am\u00e9rica Latina, considerado o iniciador das reflex\u00f5es em torno da Miss\u00e3o Integral.<\/p>\n","protected":false},"excerpt":{"rendered":"<p>No dia 15 de abril passado, aconteceu em Bras\u00edlia o lan\u00e7amento do livro \u201cIgreja: agente de transforma\u00e7\u00e3o\u201d, uma parceria entre a Ediciones Kair\u00f3s e a Miss\u00e3o Alian\u00e7a. Estiveram na Capital Federal Ren\u00e9 Padilla e P\u00e9ricles Couto, organizadores dessa edi\u00e7\u00e3o em portugu\u00eas. O mesmo livro j\u00e1 havia sido lan\u00e7ado anteriormente em espanhol e teve em sua [&#8230;]<\/p>\n","protected":false},"author":9,"featured_media":0,"comment_status":"open","ping_status":"open","sticky":false,"template":"","format":"standard","meta":{"footnotes":""},"categories":[116],"tags":[6418,29,6417,110],"class_list":["post-815","post","type-post","status-publish","format-standard","hentry","category-blog","tag-brasilia","tag-livro","tag-pericles-couto","tag-rene-padilla"],"_links":{"self":[{"href":"https:\/\/ultimato.com.br\/sites\/carlinhosveiga\/wp-json\/wp\/v2\/posts\/815","targetHints":{"allow":["GET"]}}],"collection":[{"href":"https:\/\/ultimato.com.br\/sites\/carlinhosveiga\/wp-json\/wp\/v2\/posts"}],"about":[{"href":"https:\/\/ultimato.com.br\/sites\/carlinhosveiga\/wp-json\/wp\/v2\/types\/post"}],"author":[{"embeddable":true,"href":"https:\/\/ultimato.com.br\/sites\/carlinhosveiga\/wp-json\/wp\/v2\/users\/9"}],"replies":[{"embeddable":true,"href":"https:\/\/ultimato.com.br\/sites\/carlinhosveiga\/wp-json\/wp\/v2\/comments?post=815"}],"version-history":[{"count":3,"href":"https:\/\/ultimato.com.br\/sites\/carlinhosveiga\/wp-json\/wp\/v2\/posts\/815\/revisions"}],"predecessor-version":[{"id":818,"href":"https:\/\/ultimato.com.br\/sites\/carlinhosveiga\/wp-json\/wp\/v2\/posts\/815\/revisions\/818"}],"wp:attachment":[{"href":"https:\/\/ultimato.com.br\/sites\/carlinhosveiga\/wp-json\/wp\/v2\/media?parent=815"}],"wp:term":[{"taxonomy":"category","embeddable":true,"href":"https:\/\/ultimato.com.br\/sites\/carlinhosveiga\/wp-json\/wp\/v2\/categories?post=815"},{"taxonomy":"post_tag","embeddable":true,"href":"https:\/\/ultimato.com.br\/sites\/carlinhosveiga\/wp-json\/wp\/v2\/tags?post=815"}],"curies":[{"name":"wp","href":"https:\/\/api.w.org\/{rel}","templated":true}]}}