{"id":806,"date":"2011-04-05T16:22:33","date_gmt":"2011-04-05T19:22:33","guid":{"rendered":"http:\/\/ultimato.com.br\/sites\/carlinhosveiga\/?p=806"},"modified":"2011-04-05T16:24:48","modified_gmt":"2011-04-05T19:24:48","slug":"lancamento-do-livro-igreja-agente-de-transformacao","status":"publish","type":"post","link":"https:\/\/ultimato.com.br\/sites\/carlinhosveiga\/2011\/04\/05\/lancamento-do-livro-igreja-agente-de-transformacao\/","title":{"rendered":"Lan\u00e7amento do livro &#8220;Igreja: agente de transforma\u00e7\u00e3o&#8221;"},"content":{"rendered":"<p><a href=\"http:\/\/ultimato.com.br\/sites\/carlinhosveiga\/files\/2011\/04\/Igreja-agente-de-transforma\u00e7\u00e3o.jpg\"><img loading=\"lazy\" decoding=\"async\" class=\"alignleft size-medium wp-image-807\" title=\"Igreja agente de transforma\u00e7\u00e3o\" src=\"http:\/\/ultimato.com.br\/sites\/carlinhosveiga\/files\/2011\/04\/Igreja-agente-de-transforma\u00e7\u00e3o-205x300.jpg\" alt=\"\" width=\"205\" height=\"300\" srcset=\"https:\/\/ultimato.com.br\/sites\/carlinhosveiga\/files\/2011\/04\/Igreja-agente-de-transforma\u00e7\u00e3o-205x300.jpg 205w, https:\/\/ultimato.com.br\/sites\/carlinhosveiga\/files\/2011\/04\/Igreja-agente-de-transforma\u00e7\u00e3o-700x1024.jpg 700w, https:\/\/ultimato.com.br\/sites\/carlinhosveiga\/files\/2011\/04\/Igreja-agente-de-transforma\u00e7\u00e3o-102x150.jpg 102w, https:\/\/ultimato.com.br\/sites\/carlinhosveiga\/files\/2011\/04\/Igreja-agente-de-transforma\u00e7\u00e3o.jpg 850w\" sizes=\"auto, (max-width: 205px) 100vw, 205px\" \/><\/a><\/p>\n<p>Ren\u00e9 Padilla e P\u00e9ricles Couto visitar\u00e3o algumas cidades brasileiras nesse m\u00eas de Abril para o lan\u00e7amento do livro &#8220;Igreja: agente de transforma\u00e7\u00e3o&#8221;, uma parceria entre a Ediciones Kair\u00f3s e Miss\u00e3o Alian\u00e7a.<\/p>\n<p>O livro foi organizado por Ren\u00e9 e P\u00e9ricles e conta com v\u00e1rios autores, dentre eles Samuel Escobar, Robinson Cavalcanti, Pedro Arana, Key Yuasa, Ziel Machado, Nancy Bedford entre outros. Tive o privil\u00e9gio de escrever um dos cap\u00edtulos, um testemunho sobre as experi\u00eancias que temos vivenciado com nossa comunidade na inser\u00e7\u00e3o na cultura de nossa cidade e regi\u00e3o.<\/p>\n<p>Para os moradores de Bras\u00edlia e regi\u00e3o, o lan\u00e7amento do livro est\u00e1 marcado para o dia 15 de abril, sexta-feira, a partir das 19h, na Igreja Presbiteriana de Bras\u00edlia. A entrada \u00e9 franca. Ren\u00e9 e P\u00e9ricles estar\u00e3o presentes.<\/p>\n","protected":false},"excerpt":{"rendered":"<p>Ren\u00e9 Padilla e P\u00e9ricles Couto visitar\u00e3o algumas cidades brasileiras nesse m\u00eas de Abril para o lan\u00e7amento do livro &#8220;Igreja: agente de transforma\u00e7\u00e3o&#8221;, uma parceria entre a Ediciones Kair\u00f3s e Miss\u00e3o Alian\u00e7a.<br \/>\nO livro foi organizado por Ren\u00e9 e P\u00e9ricles e conta com v\u00e1rios autores, dentre eles Samuel Escobar, Robinson Cavalcanti, Pedro Arana, Key Yuasa, Ziel Machado, [&#8230;]<\/p>\n","protected":false},"author":9,"featured_media":0,"comment_status":"open","ping_status":"open","sticky":false,"template":"","format":"standard","meta":{"footnotes":""},"categories":[116],"tags":[38,6414,6417,110],"class_list":["post-806","post","type-post","status-publish","format-standard","hentry","category-blog","tag-igreja","tag-lancamento-de-livro","tag-pericles-couto","tag-rene-padilla"],"_links":{"self":[{"href":"https:\/\/ultimato.com.br\/sites\/carlinhosveiga\/wp-json\/wp\/v2\/posts\/806","targetHints":{"allow":["GET"]}}],"collection":[{"href":"https:\/\/ultimato.com.br\/sites\/carlinhosveiga\/wp-json\/wp\/v2\/posts"}],"about":[{"href":"https:\/\/ultimato.com.br\/sites\/carlinhosveiga\/wp-json\/wp\/v2\/types\/post"}],"author":[{"embeddable":true,"href":"https:\/\/ultimato.com.br\/sites\/carlinhosveiga\/wp-json\/wp\/v2\/users\/9"}],"replies":[{"embeddable":true,"href":"https:\/\/ultimato.com.br\/sites\/carlinhosveiga\/wp-json\/wp\/v2\/comments?post=806"}],"version-history":[{"count":4,"href":"https:\/\/ultimato.com.br\/sites\/carlinhosveiga\/wp-json\/wp\/v2\/posts\/806\/revisions"}],"predecessor-version":[{"id":809,"href":"https:\/\/ultimato.com.br\/sites\/carlinhosveiga\/wp-json\/wp\/v2\/posts\/806\/revisions\/809"}],"wp:attachment":[{"href":"https:\/\/ultimato.com.br\/sites\/carlinhosveiga\/wp-json\/wp\/v2\/media?parent=806"}],"wp:term":[{"taxonomy":"category","embeddable":true,"href":"https:\/\/ultimato.com.br\/sites\/carlinhosveiga\/wp-json\/wp\/v2\/categories?post=806"},{"taxonomy":"post_tag","embeddable":true,"href":"https:\/\/ultimato.com.br\/sites\/carlinhosveiga\/wp-json\/wp\/v2\/tags?post=806"}],"curies":[{"name":"wp","href":"https:\/\/api.w.org\/{rel}","templated":true}]}}