{"id":778,"date":"2011-03-16T00:08:02","date_gmt":"2011-03-16T03:08:02","guid":{"rendered":"http:\/\/ultimato.com.br\/sites\/carlinhosveiga\/?p=778"},"modified":"2011-03-22T18:48:59","modified_gmt":"2011-03-22T21:48:59","slug":"divulgando-o-dvd-chao","status":"publish","type":"post","link":"https:\/\/ultimato.com.br\/sites\/carlinhosveiga\/2011\/03\/16\/divulgando-o-dvd-chao\/","title":{"rendered":"Divulgando o DVD Ch\u00e3o!"},"content":{"rendered":"<p><a href=\"http:\/\/ultimato.com.br\/sites\/carlinhosveiga\/files\/2011\/03\/capa_fora-21.jpg\"><img loading=\"lazy\" decoding=\"async\" class=\"alignleft size-medium wp-image-780\" title=\"Capa DVD Ch\u00e3o\" src=\"http:\/\/ultimato.com.br\/sites\/carlinhosveiga\/files\/2011\/03\/capa_fora-21-208x300.jpg\" alt=\"\" width=\"208\" height=\"300\" srcset=\"https:\/\/ultimato.com.br\/sites\/carlinhosveiga\/files\/2011\/03\/capa_fora-21-208x300.jpg 208w, https:\/\/ultimato.com.br\/sites\/carlinhosveiga\/files\/2011\/03\/capa_fora-21-104x150.jpg 104w, https:\/\/ultimato.com.br\/sites\/carlinhosveiga\/files\/2011\/03\/capa_fora-21.jpg 445w\" sizes=\"auto, (max-width: 208px) 100vw, 208px\" \/><\/a><\/p>\n<p>Divulgo, em primeira m\u00e3o, a capa do meu novo DVD, que ser\u00e1 lan\u00e7ado no dia 21 de abril de 2011, no Som do C\u00e9u, em BH.<\/p>\n<p>Hoje conseguimos tamb\u00e9m postar o v\u00eddeo promocional do DVD. Visite o link no final,\u00a0e conhe\u00e7a um pouco desse meu novo trabalho.<\/p>\n<p>Semanalmente colocaremos novos v\u00eddeos de divulga\u00e7\u00e3o nesse site, mostrando os bastidores das grava\u00e7\u00f5es.<\/p>\n<p>&#8220;<em>Para fazer o DVD Ch\u00e3o, o goiano Carlinhos Veiga escolheu como cen\u00e1rio a pequena cidade de Piren\u00f3polis em Goi\u00e1s. Cidade hist\u00f3rica e com intensa atividade cultural. A cada ano as tradicionais festas do Divino e das Cavalhadas acolhem milhares de turistas do mundo inteiro.<\/em><\/p>\n<p><em>A Toca de Barro filmes cuidou da produ\u00e7\u00e3o do DVD. O show foi gravado no Theatro de Piren\u00f3polis, do s\u00e9culo XIX. E mais 5 can\u00e7\u00f5es na Fazenda Babil\u00f4nia, lugar que guarda hist\u00f3ria desde o s\u00e9culo XVIII.<\/em><\/p>\n<p><em>A dire\u00e7\u00e3o foi de Jader Gudin, produ\u00e7\u00e3o de Davi Heller, fotografia de La\u00e9rcio Cardoso, dire\u00e7\u00e3o de arte de Dayenne Mari e dire\u00e7\u00e3o musical de Carlinhos Veiga.<\/em><\/p>\n<p><em>Para voc\u00ea se sentir parte desta festa, a Toca de Barro filmes divulgou uma pr\u00e9via do projeto &#8216;Ch\u00e3o&#8217; . O lan\u00e7amento do DVD ser\u00e1 no dia 21 de abril de 2011, no festival anual Som do C\u00e9u, em Belo Horizonte, Minas Gerais<\/em>.&#8221;<\/p>\n<p><iframe loading=\"lazy\" title=\"YouTube video player\" width=\"640\" height=\"390\" src=\"http:\/\/www.youtube.com\/embed\/5vvB14vO8-I\" frameborder=\"0\" allowfullscreen><\/iframe><\/p>\n","protected":false},"excerpt":{"rendered":"<p>Divulgo, em primeira m\u00e3o, a capa do meu novo DVD, que ser\u00e1 lan\u00e7ado no dia 21 de abril de 2011, no Som do C\u00e9u, em BH.<br \/>\nHoje conseguimos tamb\u00e9m postar o v\u00eddeo promocional do DVD. Visite o link no final,\u00a0e conhe\u00e7a um pouco desse meu novo trabalho.<br \/>\nSemanalmente colocaremos novos v\u00eddeos de divulga\u00e7\u00e3o nesse site, mostrando os [&#8230;]<\/p>\n","protected":false},"author":9,"featured_media":0,"comment_status":"open","ping_status":"open","sticky":false,"template":"","format":"standard","meta":{"footnotes":""},"categories":[116],"tags":[6406,6407],"class_list":["post-778","post","type-post","status-publish","format-standard","hentry","category-blog","tag-dvd-chao-lancamento","tag-toca-de-barro"],"_links":{"self":[{"href":"https:\/\/ultimato.com.br\/sites\/carlinhosveiga\/wp-json\/wp\/v2\/posts\/778","targetHints":{"allow":["GET"]}}],"collection":[{"href":"https:\/\/ultimato.com.br\/sites\/carlinhosveiga\/wp-json\/wp\/v2\/posts"}],"about":[{"href":"https:\/\/ultimato.com.br\/sites\/carlinhosveiga\/wp-json\/wp\/v2\/types\/post"}],"author":[{"embeddable":true,"href":"https:\/\/ultimato.com.br\/sites\/carlinhosveiga\/wp-json\/wp\/v2\/users\/9"}],"replies":[{"embeddable":true,"href":"https:\/\/ultimato.com.br\/sites\/carlinhosveiga\/wp-json\/wp\/v2\/comments?post=778"}],"version-history":[{"count":4,"href":"https:\/\/ultimato.com.br\/sites\/carlinhosveiga\/wp-json\/wp\/v2\/posts\/778\/revisions"}],"predecessor-version":[{"id":782,"href":"https:\/\/ultimato.com.br\/sites\/carlinhosveiga\/wp-json\/wp\/v2\/posts\/778\/revisions\/782"}],"wp:attachment":[{"href":"https:\/\/ultimato.com.br\/sites\/carlinhosveiga\/wp-json\/wp\/v2\/media?parent=778"}],"wp:term":[{"taxonomy":"category","embeddable":true,"href":"https:\/\/ultimato.com.br\/sites\/carlinhosveiga\/wp-json\/wp\/v2\/categories?post=778"},{"taxonomy":"post_tag","embeddable":true,"href":"https:\/\/ultimato.com.br\/sites\/carlinhosveiga\/wp-json\/wp\/v2\/tags?post=778"}],"curies":[{"name":"wp","href":"https:\/\/api.w.org\/{rel}","templated":true}]}}