{"id":757,"date":"2010-12-15T11:44:31","date_gmt":"2010-12-15T14:44:31","guid":{"rendered":"http:\/\/ultimato.com.br\/sites\/carlinhosveiga\/?p=757"},"modified":"2010-12-15T11:49:19","modified_gmt":"2010-12-15T14:49:19","slug":"podcast-17-walter-mcalister","status":"publish","type":"post","link":"https:\/\/ultimato.com.br\/sites\/carlinhosveiga\/2010\/12\/15\/podcast-17-walter-mcalister\/","title":{"rendered":"Podcast #17: Walter McAlister"},"content":{"rendered":"<p><a href=\"http:\/\/ultimato.com.br\/sites\/carlinhosveiga\/files\/2010\/12\/15_12_mcalister.jpeg\"><img loading=\"lazy\" decoding=\"async\" class=\"alignright size-full wp-image-763\" title=\"15_12_mcalister\" src=\"http:\/\/ultimato.com.br\/sites\/carlinhosveiga\/files\/2010\/12\/15_12_mcalister.jpeg\" alt=\"\" width=\"170\" height=\"170\" srcset=\"https:\/\/ultimato.com.br\/sites\/carlinhosveiga\/files\/2010\/12\/15_12_mcalister.jpeg 170w, https:\/\/ultimato.com.br\/sites\/carlinhosveiga\/files\/2010\/12\/15_12_mcalister-150x150.jpg 150w, https:\/\/ultimato.com.br\/sites\/carlinhosveiga\/files\/2010\/12\/15_12_mcalister-64x64.jpg 64w\" sizes=\"auto, (max-width: 170px) 100vw, 170px\" \/><\/a><\/p>\n<p>Este podcast foi gravado num dos caf\u00e9s do Centro de Conven\u00e7\u00f5es que acolheu Lausanne 3, na Cidade do Cabo. Ou\u00e7a agora esse bate papo com o bispo Walter McAlister<\/p>\n<p><\/p>\n","protected":false},"excerpt":{"rendered":"<p>Este podcast foi gravado num dos caf\u00e9s do Centro de Conven\u00e7\u00f5es que acolheu Lausanne 3, na Cidade do Cabo.<\/p>\n","protected":false},"author":4,"featured_media":763,"comment_status":"open","ping_status":"open","sticky":false,"template":"","format":"standard","meta":{"footnotes":""},"categories":[117],"tags":[5253,5776,24323,118,6404,6405],"class_list":["post-757","post","type-post","status-publish","format-standard","has-post-thumbnail","hentry","category-novos-acordes","tag-audio","tag-mp3","tag-novos-acordes","tag-podcast","tag-venceremos","tag-walter-mcalister"],"_links":{"self":[{"href":"https:\/\/ultimato.com.br\/sites\/carlinhosveiga\/wp-json\/wp\/v2\/posts\/757","targetHints":{"allow":["GET"]}}],"collection":[{"href":"https:\/\/ultimato.com.br\/sites\/carlinhosveiga\/wp-json\/wp\/v2\/posts"}],"about":[{"href":"https:\/\/ultimato.com.br\/sites\/carlinhosveiga\/wp-json\/wp\/v2\/types\/post"}],"author":[{"embeddable":true,"href":"https:\/\/ultimato.com.br\/sites\/carlinhosveiga\/wp-json\/wp\/v2\/users\/4"}],"replies":[{"embeddable":true,"href":"https:\/\/ultimato.com.br\/sites\/carlinhosveiga\/wp-json\/wp\/v2\/comments?post=757"}],"version-history":[{"count":13,"href":"https:\/\/ultimato.com.br\/sites\/carlinhosveiga\/wp-json\/wp\/v2\/posts\/757\/revisions"}],"predecessor-version":[{"id":771,"href":"https:\/\/ultimato.com.br\/sites\/carlinhosveiga\/wp-json\/wp\/v2\/posts\/757\/revisions\/771"}],"wp:featuredmedia":[{"embeddable":true,"href":"https:\/\/ultimato.com.br\/sites\/carlinhosveiga\/wp-json\/wp\/v2\/media\/763"}],"wp:attachment":[{"href":"https:\/\/ultimato.com.br\/sites\/carlinhosveiga\/wp-json\/wp\/v2\/media?parent=757"}],"wp:term":[{"taxonomy":"category","embeddable":true,"href":"https:\/\/ultimato.com.br\/sites\/carlinhosveiga\/wp-json\/wp\/v2\/categories?post=757"},{"taxonomy":"post_tag","embeddable":true,"href":"https:\/\/ultimato.com.br\/sites\/carlinhosveiga\/wp-json\/wp\/v2\/tags?post=757"}],"curies":[{"name":"wp","href":"https:\/\/api.w.org\/{rel}","templated":true}]}}