{"id":730,"date":"2010-11-24T15:39:43","date_gmt":"2010-11-24T18:39:43","guid":{"rendered":"http:\/\/ultimato.com.br\/sites\/carlinhosveiga\/?p=730"},"modified":"2010-11-24T15:39:43","modified_gmt":"2010-11-24T18:39:43","slug":"mais-repercussoes-de-lausanne-3-pelo-brasil","status":"publish","type":"post","link":"https:\/\/ultimato.com.br\/sites\/carlinhosveiga\/2010\/11\/24\/mais-repercussoes-de-lausanne-3-pelo-brasil\/","title":{"rendered":"Mais repercuss\u00f5es de Lausanne 3 pelo Brasil"},"content":{"rendered":"<p>Veja abaixo mais alguns eventos promovidos com o fim de fazer repercutir o congresso Lausanne 3 (tamb\u00e9m chamado de Cape Town 2010) em nosso pa\u00eds. Participe de algum deles, ou promova algo em sua regi\u00e3o.<\/p>\n<div id=\"attachment_731\" style=\"width: 206px\" class=\"wp-caption aligncenter\"><a href=\"http:\/\/ultimato.com.br\/sites\/carlinhosveiga\/files\/2010\/11\/londrina2711.jpg\"><img loading=\"lazy\" decoding=\"async\" aria-describedby=\"caption-attachment-731\" class=\"size-medium wp-image-731\" title=\"FTL Londrina\" src=\"http:\/\/ultimato.com.br\/sites\/carlinhosveiga\/files\/2010\/11\/londrina2711-196x300.jpg\" alt=\"\" width=\"196\" height=\"300\" srcset=\"https:\/\/ultimato.com.br\/sites\/carlinhosveiga\/files\/2010\/11\/londrina2711-196x300.jpg 196w, https:\/\/ultimato.com.br\/sites\/carlinhosveiga\/files\/2010\/11\/londrina2711-98x150.jpg 98w, https:\/\/ultimato.com.br\/sites\/carlinhosveiga\/files\/2010\/11\/londrina2711.jpg 550w\" sizes=\"auto, (max-width: 196px) 100vw, 196px\" \/><\/a><p id=\"caption-attachment-731\" class=\"wp-caption-text\">Promovido pela FTL N\u00facleo Londrina<\/p><\/div>\n<div id=\"attachment_734\" style=\"width: 310px\" class=\"wp-caption aligncenter\"><a href=\"http:\/\/ultimato.com.br\/sites\/carlinhosveiga\/files\/2010\/11\/FTL-Cape-Town-20101.jpg\"><img loading=\"lazy\" decoding=\"async\" aria-describedby=\"caption-attachment-734\" class=\"size-medium wp-image-734\" title=\"FTL Cape Town 2010\" src=\"http:\/\/ultimato.com.br\/sites\/carlinhosveiga\/files\/2010\/11\/FTL-Cape-Town-20101-300x189.jpg\" alt=\"\" width=\"300\" height=\"189\" srcset=\"https:\/\/ultimato.com.br\/sites\/carlinhosveiga\/files\/2010\/11\/FTL-Cape-Town-20101-300x189.jpg 300w, https:\/\/ultimato.com.br\/sites\/carlinhosveiga\/files\/2010\/11\/FTL-Cape-Town-20101-150x94.jpg 150w, https:\/\/ultimato.com.br\/sites\/carlinhosveiga\/files\/2010\/11\/FTL-Cape-Town-20101.jpg 850w\" sizes=\"auto, (max-width: 300px) 100vw, 300px\" \/><\/a><p id=\"caption-attachment-734\" class=\"wp-caption-text\">Promovido pela FTL em S\u00e3o Paulo<\/p><\/div>\n<p style=\"text-align: center;\">\n<p style=\"text-align: center;\">\n<div id=\"attachment_732\" style=\"width: 222px\" class=\"wp-caption aligncenter\"><a href=\"http:\/\/ultimato.com.br\/sites\/carlinhosveiga\/files\/2010\/11\/Vit\u00f3ria-da-Conquista1.jpg\"><img loading=\"lazy\" decoding=\"async\" aria-describedby=\"caption-attachment-732\" class=\"size-medium wp-image-732\" title=\"Vit\u00f3ria da Conquista\" src=\"http:\/\/ultimato.com.br\/sites\/carlinhosveiga\/files\/2010\/11\/Vit\u00f3ria-da-Conquista1-212x300.jpg\" alt=\"\" width=\"212\" height=\"300\" srcset=\"https:\/\/ultimato.com.br\/sites\/carlinhosveiga\/files\/2010\/11\/Vit\u00f3ria-da-Conquista1-212x300.jpg 212w, https:\/\/ultimato.com.br\/sites\/carlinhosveiga\/files\/2010\/11\/Vit\u00f3ria-da-Conquista1-106x150.jpg 106w, https:\/\/ultimato.com.br\/sites\/carlinhosveiga\/files\/2010\/11\/Vit\u00f3ria-da-Conquista1.jpg 686w\" sizes=\"auto, (max-width: 212px) 100vw, 212px\" \/><\/a><p id=\"caption-attachment-732\" class=\"wp-caption-text\">Promovido pelo movimento F\u00f3rum Jovem de Miss\u00e3o Integral, em Vit\u00f3ria da Conquista (BA).<\/p><\/div>\n","protected":false},"excerpt":{"rendered":"<p>Veja abaixo mais alguns eventos promovidos com o fim de fazer repercutir o congresso Lausanne 3 (tamb\u00e9m chamado de Cape Town 2010) em nosso pa\u00eds. Participe de algum deles, ou promova algo em sua regi\u00e3o.<\/p>\n","protected":false},"author":9,"featured_media":0,"comment_status":"open","ping_status":"open","sticky":false,"template":"","format":"standard","meta":{"footnotes":""},"categories":[116],"tags":[6393,6396,6392],"class_list":["post-730","post","type-post","status-publish","format-standard","hentry","category-blog","tag-cape-town-2010","tag-ftl","tag-lausanne-3"],"_links":{"self":[{"href":"https:\/\/ultimato.com.br\/sites\/carlinhosveiga\/wp-json\/wp\/v2\/posts\/730","targetHints":{"allow":["GET"]}}],"collection":[{"href":"https:\/\/ultimato.com.br\/sites\/carlinhosveiga\/wp-json\/wp\/v2\/posts"}],"about":[{"href":"https:\/\/ultimato.com.br\/sites\/carlinhosveiga\/wp-json\/wp\/v2\/types\/post"}],"author":[{"embeddable":true,"href":"https:\/\/ultimato.com.br\/sites\/carlinhosveiga\/wp-json\/wp\/v2\/users\/9"}],"replies":[{"embeddable":true,"href":"https:\/\/ultimato.com.br\/sites\/carlinhosveiga\/wp-json\/wp\/v2\/comments?post=730"}],"version-history":[{"count":1,"href":"https:\/\/ultimato.com.br\/sites\/carlinhosveiga\/wp-json\/wp\/v2\/posts\/730\/revisions"}],"predecessor-version":[{"id":736,"href":"https:\/\/ultimato.com.br\/sites\/carlinhosveiga\/wp-json\/wp\/v2\/posts\/730\/revisions\/736"}],"wp:attachment":[{"href":"https:\/\/ultimato.com.br\/sites\/carlinhosveiga\/wp-json\/wp\/v2\/media?parent=730"}],"wp:term":[{"taxonomy":"category","embeddable":true,"href":"https:\/\/ultimato.com.br\/sites\/carlinhosveiga\/wp-json\/wp\/v2\/categories?post=730"},{"taxonomy":"post_tag","embeddable":true,"href":"https:\/\/ultimato.com.br\/sites\/carlinhosveiga\/wp-json\/wp\/v2\/tags?post=730"}],"curies":[{"name":"wp","href":"https:\/\/api.w.org\/{rel}","templated":true}]}}