{"id":714,"date":"2010-10-31T10:53:45","date_gmt":"2010-10-31T13:53:45","guid":{"rendered":"http:\/\/ultimato.com.br\/sites\/carlinhosveiga\/?p=714"},"modified":"2010-10-31T10:53:45","modified_gmt":"2010-10-31T13:53:45","slug":"pequenos-grupos-em-lausanne-3-%e2%80%93-um-dos-pontos-fortes","status":"publish","type":"post","link":"https:\/\/ultimato.com.br\/sites\/carlinhosveiga\/2010\/10\/31\/pequenos-grupos-em-lausanne-3-%e2%80%93-um-dos-pontos-fortes\/","title":{"rendered":"Pequenos grupos em Lausanne 3 \u2013 um dos pontos fortes"},"content":{"rendered":"<p><a href=\"http:\/\/ultimato.com.br\/sites\/carlinhosveiga\/files\/2010\/10\/pequeno-grupo.jpg\"><img loading=\"lazy\" decoding=\"async\" class=\"alignright size-medium wp-image-715\" title=\"pequeno grupo\" src=\"http:\/\/ultimato.com.br\/sites\/carlinhosveiga\/files\/2010\/10\/pequeno-grupo-300x224.jpg\" alt=\"\" width=\"300\" height=\"224\" srcset=\"https:\/\/ultimato.com.br\/sites\/carlinhosveiga\/files\/2010\/10\/pequeno-grupo-300x224.jpg 300w, https:\/\/ultimato.com.br\/sites\/carlinhosveiga\/files\/2010\/10\/pequeno-grupo-150x112.jpg 150w, https:\/\/ultimato.com.br\/sites\/carlinhosveiga\/files\/2010\/10\/pequeno-grupo.jpg 819w\" sizes=\"auto, (max-width: 300px) 100vw, 300px\" \/><\/a><\/p>\n<p>O congresso na Cidade do Cabo, \u00c1frica do Sul, foi marcado pelos pequenos grupos que se reuniam pelas manh\u00e3s. Os mais de 4.000 congressistas foram dividos em grupos de seis pessoas ao redor de uma mesa. Foi uma excelente oportunidade de conhecer e aprofundar relacionamentos com irm\u00e3os e irm\u00e3s de outros pa\u00edses, de orar juntos e compartilhar a realidade ministerial nos diferentes contextos. \u00c9 bem verdade que o tempo dedicado ao compartilhamento de id\u00e9ias e ora\u00e7\u00f5es era bastante curto, mas mesmo assim valeu a pena. Reagir \u00e0s palestras da manh\u00e3 em grupo deu uma nova dimens\u00e3o \u00e0quele momento.<\/p>\n<p>Nosso grupo foi formado por (veja na foto ao lado) Liliana C\u00f3ndor (Peru), Modesto Engonga (Guin\u00e9 Equatorial), eu (Brasil), Daniel Bianchi (Argentina) \u2013 nosso l\u00edder, Jos\u00e9 Tejada (Rep\u00fablica Dominicana) e Addy Duarte (M\u00e9xico). A l\u00edngua predominante era o espanhol. Apesar do meu portunhol a comunica\u00e7\u00e3o foi \u00f3tima entre n\u00f3s.<\/p>\n","protected":false},"excerpt":{"rendered":"<p>O congresso na Cidade do Cabo, \u00c1frica do Sul, foi marcado pelos pequenos grupos que se reuniam pelas manh\u00e3s. Os mais de 4.000 congressistas foram dividos em grupos de seis pessoas ao redor de uma mesa. Foi uma excelente oportunidade de conhecer e aprofundar relacionamentos com irm\u00e3os e irm\u00e3s de outros pa\u00edses, de orar juntos [&#8230;]<\/p>\n","protected":false},"author":9,"featured_media":0,"comment_status":"open","ping_status":"open","sticky":false,"template":"","format":"standard","meta":{"footnotes":""},"categories":[116],"tags":[6393,6392],"class_list":["post-714","post","type-post","status-publish","format-standard","hentry","category-blog","tag-cape-town-2010","tag-lausanne-3"],"_links":{"self":[{"href":"https:\/\/ultimato.com.br\/sites\/carlinhosveiga\/wp-json\/wp\/v2\/posts\/714","targetHints":{"allow":["GET"]}}],"collection":[{"href":"https:\/\/ultimato.com.br\/sites\/carlinhosveiga\/wp-json\/wp\/v2\/posts"}],"about":[{"href":"https:\/\/ultimato.com.br\/sites\/carlinhosveiga\/wp-json\/wp\/v2\/types\/post"}],"author":[{"embeddable":true,"href":"https:\/\/ultimato.com.br\/sites\/carlinhosveiga\/wp-json\/wp\/v2\/users\/9"}],"replies":[{"embeddable":true,"href":"https:\/\/ultimato.com.br\/sites\/carlinhosveiga\/wp-json\/wp\/v2\/comments?post=714"}],"version-history":[{"count":1,"href":"https:\/\/ultimato.com.br\/sites\/carlinhosveiga\/wp-json\/wp\/v2\/posts\/714\/revisions"}],"predecessor-version":[{"id":716,"href":"https:\/\/ultimato.com.br\/sites\/carlinhosveiga\/wp-json\/wp\/v2\/posts\/714\/revisions\/716"}],"wp:attachment":[{"href":"https:\/\/ultimato.com.br\/sites\/carlinhosveiga\/wp-json\/wp\/v2\/media?parent=714"}],"wp:term":[{"taxonomy":"category","embeddable":true,"href":"https:\/\/ultimato.com.br\/sites\/carlinhosveiga\/wp-json\/wp\/v2\/categories?post=714"},{"taxonomy":"post_tag","embeddable":true,"href":"https:\/\/ultimato.com.br\/sites\/carlinhosveiga\/wp-json\/wp\/v2\/tags?post=714"}],"curies":[{"name":"wp","href":"https:\/\/api.w.org\/{rel}","templated":true}]}}