{"id":699,"date":"2010-10-26T17:56:06","date_gmt":"2010-10-26T20:56:06","guid":{"rendered":"http:\/\/ultimato.com.br\/sites\/carlinhosveiga\/?p=699"},"modified":"2010-10-27T10:59:53","modified_gmt":"2010-10-27T13:59:53","slug":"momento-do-perdao","status":"publish","type":"post","link":"https:\/\/ultimato.com.br\/sites\/carlinhosveiga\/2010\/10\/26\/momento-do-perdao\/","title":{"rendered":"Momento do perd\u00e3o"},"content":{"rendered":"<p><a href=\"http:\/\/ultimato.com.br\/sites\/carlinhosveiga\/files\/2010\/10\/IMG_87672.jpg\"><img loading=\"lazy\" decoding=\"async\" class=\"alignright size-medium wp-image-705\" title=\"IMG_8767\" src=\"http:\/\/ultimato.com.br\/sites\/carlinhosveiga\/files\/2010\/10\/IMG_87672-300x224.jpg\" alt=\"\" width=\"300\" height=\"224\" srcset=\"https:\/\/ultimato.com.br\/sites\/carlinhosveiga\/files\/2010\/10\/IMG_87672-300x224.jpg 300w, https:\/\/ultimato.com.br\/sites\/carlinhosveiga\/files\/2010\/10\/IMG_87672-150x112.jpg 150w, https:\/\/ultimato.com.br\/sites\/carlinhosveiga\/files\/2010\/10\/IMG_87672.jpg 448w\" sizes=\"auto, (max-width: 300px) 100vw, 300px\" \/><\/a>Na sexta-feira a noite, dia 22, os brasileiros se encontraram no hotel Garden Curt de Waal, que recebeu a maioria da delega\u00e7\u00e3o brasileira, para uma conversa sobre a nossa participa\u00e7\u00e3o no congresso, sobre como se deu a sele\u00e7\u00e3o dos nomes que ali estavam, entre outros assuntos. \u00c0 frente estavam Valdir Steuernagel e Silas Tostes. Foi dada a palavra a duas pessoas historicamente de grande relev\u00e2ncia para a igreja brasileira considerando principalmente o movimento de Lausanne: o Bispo anglicano Robinson Cavalcanti e o pastor da Igreja Holiness Key Uassa.<\/p>\n<p>Cavalcanti fez uma leitura bastante l\u00facida, como sempre, de como Lausanne 3 se enquadra no processo dos dois congressos anteriores deste movimento, acontecidos em Lausanne, Su\u00ed\u00e7a (1974) e Manila, Filipinas (1989). Segundo sua avalia\u00e7\u00e3o, Lausanne 3 significa uma retomada da caminhada, ap\u00f3s a realiza\u00e7\u00e3o do congresso em Manila desfigurado e sem prop\u00f3sitos.<\/p>\n<p>Como \u00faltima palavra da reuni\u00e3o, foi pedido a Key Uassa que fizesse a sua leitura sobre aquele momento e encerrasse com uma ora\u00e7\u00e3o. Uassa surpreendeu a todos quando disse da sua emo\u00e7\u00e3o de estarmos reunidos naquele local hist\u00f3rico, conhecido como Cabo das Tormentas e Cabo da Boa Esperan\u00e7a. Local onde os navegadores portugueses bravamente enfrentaram aquela regi\u00e3o t\u00e3o in\u00f3spita e perigosa e assim abriram definitivamente os caminhos mar\u00edtimos para as \u00cdndias. Foi lembrado ainda que atrav\u00e9s daquele acontecimento eles chegaram ao Brasil. Uassa recordou que muitos daquele continente foram levados como escravos para o nosso pa\u00eds e que em meio a muito sofrimento, desagrega\u00e7\u00f5es sociais e injusti\u00e7as aportaram na Ilha de Vera Cruz para construir e erguer o Brasil que somos hoje. E prop\u00f4s que redig\u00edssimos um documento de celebra\u00e7\u00e3o e de um pedido de perd\u00e3o e encaminh\u00e1ssemos \u00e0 delega\u00e7\u00e3o africana, em sua reuni\u00e3o. Assim foi feito o documento e todos n\u00f3s assinamos.<\/p>\n<p>No domingo a agenda do congresso contemplava um espa\u00e7o para a reuni\u00e3o das delega\u00e7\u00f5es por continente. Enquanto os latino-americanos se reuniam num dos audit\u00f3rios, uma pequena comitiva brasileira se dirigiu \u00e0 reuni\u00e3o dos africanos e leu o documento. O grupo foi recebido como muita alegria, mas ao tomarem conhecimento do conte\u00fado ca\u00edram todos num profundo pranto. Atrav\u00e9s daquele documento os brasileiros participantes de Lausanne 3 pediam perd\u00e3o por todos os males que causados \u00e0s gera\u00e7\u00f5es anteriores, e em meio ao lamento reconheciam que o Brasil se fez pelo suor e esfor\u00e7o daquele povo. O documento foi recebido e Deus visitou os irm\u00e3os da \u00c1frica naquele momento. Eles ent\u00e3o reuniram uma pequena comiss\u00e3o e vieram de encontro dos brasileiros, que naquela altura j\u00e1 se reuniam separadamente dos demais pa\u00edses da Am\u00e9rica Latina.<\/p>\n<p>O grupo que veio era formado por cinco pessoas: quatro pastores representavam os pa\u00edses do Norte, do Leste, do Oeste e do Sul. Tamb\u00e9m veio uma m\u00e3e africana, representando todas a m\u00e3es do continente. Eles disseram da alegria e da surpresa ao receberem o documento e reconheciam que o Esp\u00edrito Santo estava realizando uma grande obra de reconcilia\u00e7\u00e3o naquele momento. Acolheram o nosso pedido de perd\u00e3o e trouxeram a sua \u00f3tica sobre o que significou a escravid\u00e3o para eles, quando brutalmente seus filhos foram arrancados de seus bra\u00e7os e violentamente transportados como pessoas sem direitos para o outro continente. Todos n\u00f3s est\u00e1vamos bastante emocionados. Foi pedido ent\u00e3o \u00e0 m\u00e3e africana para orar a Deus, selando aquele momento de perd\u00e3o e reconcilia\u00e7\u00e3o em nossos cora\u00e7\u00f5es. Nesse momento todos n\u00f3s ca\u00edmos num pranto profundo. N\u00e3o tenho d\u00favidas de dizer que Deus nos visitou trazendo o reconhecimento de nosso pecado, trazendo perd\u00e3o e abrindo portas para uma aproxima\u00e7\u00e3o entre as igrejas dos dois continentes. Foi um momento muito especial. Sinceramente oro a Deus para que esse ato simb\u00f3lico possa produzir na igreja brasileira, atrav\u00e9s de seus representantes, verdadeiras transforma\u00e7\u00f5es e mudan\u00e7as de atitude num pa\u00eds onde muito embora a escravid\u00e3o tenha sido vencida, continua promovendo e mantendo o preconceito racial de maneira velada, inclusive dentro da pr\u00f3pria igreja.<\/p>\n<p>Aquele domingo marcou a minha vida. Foi um dos momentos mais lindos que pude participar em toda a minha vida e minist\u00e9rio. S\u00f3 a Palavra de Deus pode realmente derrubar as muralhas de separa\u00e7\u00e3o que h\u00e1 entre povos e na\u00e7\u00f5es. S\u00f3 Deus pode restaurar esse mundo marcado por divis\u00f5es e separa\u00e7\u00f5es.<\/p>\n","protected":false},"excerpt":{"rendered":"<p>Na sexta-feira a noite, dia 22, os brasileiros se encontraram no hotel Garden Curt de Waal, que recebeu a maioria da delega\u00e7\u00e3o brasileira, para uma conversa sobre a nossa participa\u00e7\u00e3o no congresso, sobre como se deu a sele\u00e7\u00e3o dos nomes que ali estavam, entre outros assuntos. \u00c0 frente estavam Valdir Steuernagel e Silas Tostes. Foi [&#8230;]<\/p>\n","protected":false},"author":9,"featured_media":0,"comment_status":"open","ping_status":"open","sticky":false,"template":"","format":"standard","meta":{"footnotes":""},"categories":[116],"tags":[6393,6392],"class_list":["post-699","post","type-post","status-publish","format-standard","hentry","category-blog","tag-cape-town-2010","tag-lausanne-3"],"_links":{"self":[{"href":"https:\/\/ultimato.com.br\/sites\/carlinhosveiga\/wp-json\/wp\/v2\/posts\/699","targetHints":{"allow":["GET"]}}],"collection":[{"href":"https:\/\/ultimato.com.br\/sites\/carlinhosveiga\/wp-json\/wp\/v2\/posts"}],"about":[{"href":"https:\/\/ultimato.com.br\/sites\/carlinhosveiga\/wp-json\/wp\/v2\/types\/post"}],"author":[{"embeddable":true,"href":"https:\/\/ultimato.com.br\/sites\/carlinhosveiga\/wp-json\/wp\/v2\/users\/9"}],"replies":[{"embeddable":true,"href":"https:\/\/ultimato.com.br\/sites\/carlinhosveiga\/wp-json\/wp\/v2\/comments?post=699"}],"version-history":[{"count":4,"href":"https:\/\/ultimato.com.br\/sites\/carlinhosveiga\/wp-json\/wp\/v2\/posts\/699\/revisions"}],"predecessor-version":[{"id":701,"href":"https:\/\/ultimato.com.br\/sites\/carlinhosveiga\/wp-json\/wp\/v2\/posts\/699\/revisions\/701"}],"wp:attachment":[{"href":"https:\/\/ultimato.com.br\/sites\/carlinhosveiga\/wp-json\/wp\/v2\/media?parent=699"}],"wp:term":[{"taxonomy":"category","embeddable":true,"href":"https:\/\/ultimato.com.br\/sites\/carlinhosveiga\/wp-json\/wp\/v2\/categories?post=699"},{"taxonomy":"post_tag","embeddable":true,"href":"https:\/\/ultimato.com.br\/sites\/carlinhosveiga\/wp-json\/wp\/v2\/tags?post=699"}],"curies":[{"name":"wp","href":"https:\/\/api.w.org\/{rel}","templated":true}]}}