{"id":697,"date":"2010-10-23T16:49:12","date_gmt":"2010-10-23T19:49:12","guid":{"rendered":"http:\/\/ultimato.com.br\/sites\/carlinhosveiga\/?p=697"},"modified":"2010-10-23T16:49:12","modified_gmt":"2010-10-23T19:49:12","slug":"uma-pequena-mostra-do-que-sera-a-eternidade","status":"publish","type":"post","link":"https:\/\/ultimato.com.br\/sites\/carlinhosveiga\/2010\/10\/23\/uma-pequena-mostra-do-que-sera-a-eternidade\/","title":{"rendered":"Uma pequena mostra do que ser\u00e1 a Eternidade"},"content":{"rendered":"<p>Aos poucos foi adentrando no grande sal\u00e3o central do Centro de Conven\u00e7\u00f5es de Cape Town uma multid\u00e3o de milhares de pessoas, vindas de diversos pa\u00edses. Cada qual com suas vestes t\u00edpicas, com suas caracter\u00edsticas culturais. Gente dos cinco continentes vindos para uma celebra\u00e7\u00e3o comunit\u00e1ria.<\/p>\n<p>A noite era especial. Diferente das demais, quando os assentos eram livres, os grupos voltaram a se reunir para um tempo de ora\u00e7\u00e3o. O som de uma pequena orquestra soou no sal\u00e3o convidando os presentes a adorar a Deus com hinos que nos lembram a caminhada hist\u00f3rica da igreja. As vozes, naturalmente, foram se abrindo em uma harmonia bel\u00edssima. Um grande coro de adora\u00e7\u00e3o se formou naturalmente \u2013 isso me fez lembrar como a m\u00fasica \u00e9 um elemento comum ao povo de Deus em todo o mundo, como \u00e9 a linguagem dessa fam\u00edlia da f\u00e9.<\/p>\n<p>Logo ap\u00f3s os dirigentes nos conduziram a um tempo precioso de ora\u00e7\u00e3o. Oramos cada qual em sua l\u00edngua, de maneira aud\u00edvel. Depois oramos silenciosamente por n\u00f3s e por nossos pecados. Oramos tamb\u00e9m de joelhos clamando a Deus pela igreja ao redor do mundo. Oramos em grupo pelos povos que ainda n\u00e3o conhecem a Jesus, para que venham conhec\u00ea-lo. Oramos por obreiros para a seara santa. Oramos pela igreja ao redor do mundo, especialmente a igreja perseguida. Oramos por um avivamento. E em cada ora\u00e7\u00e3o o meu cora\u00e7\u00e3o se enchia da gra\u00e7a de Deus, ao ver africanos de joelhos, asi\u00e1ticos com suas m\u00e3os levantadas aos c\u00e9us, latino americanos chorando aos p\u00e9s de Jesus, norte americanos clamando aos c\u00e9us europeus se dobrando diante do Rei. Que experi\u00eancia fant\u00e1stica.<\/p>\n<p>Olhando aquilo tudo, senti como um sussurro comunicasse ao meu cora\u00e7\u00e3o. Isso \u00e9 apenas uma pequena experi\u00eancia do que ser\u00e1 a Eternidade. Foi uma noite inesquec\u00edvel. Ah! O mais importante eu ia esquecendo. Os meus olhos n\u00e3o viram o Senhor assentado num alto e sublime trono. Mas Ele estava l\u00e1, bem presente. Todos n\u00f3s percebemos o seu movimento entre n\u00f3s.<\/p>\n","protected":false},"excerpt":{"rendered":"<p>Aos poucos foi adentrando no grande sal\u00e3o central do Centro de Conven\u00e7\u00f5es de Cape Town uma multid\u00e3o de milhares de pessoas, vindas de diversos pa\u00edses. Cada qual com suas vestes t\u00edpicas, com suas caracter\u00edsticas culturais. Gente dos cinco continentes vindos para uma celebra\u00e7\u00e3o comunit\u00e1ria.<br \/>\nA noite era especial. Diferente das demais, quando os assentos eram livres, [&#8230;]<\/p>\n","protected":false},"author":9,"featured_media":0,"comment_status":"open","ping_status":"open","sticky":false,"template":"","format":"standard","meta":{"footnotes":""},"categories":[116],"tags":[6393,6392],"class_list":["post-697","post","type-post","status-publish","format-standard","hentry","category-blog","tag-cape-town-2010","tag-lausanne-3"],"_links":{"self":[{"href":"https:\/\/ultimato.com.br\/sites\/carlinhosveiga\/wp-json\/wp\/v2\/posts\/697","targetHints":{"allow":["GET"]}}],"collection":[{"href":"https:\/\/ultimato.com.br\/sites\/carlinhosveiga\/wp-json\/wp\/v2\/posts"}],"about":[{"href":"https:\/\/ultimato.com.br\/sites\/carlinhosveiga\/wp-json\/wp\/v2\/types\/post"}],"author":[{"embeddable":true,"href":"https:\/\/ultimato.com.br\/sites\/carlinhosveiga\/wp-json\/wp\/v2\/users\/9"}],"replies":[{"embeddable":true,"href":"https:\/\/ultimato.com.br\/sites\/carlinhosveiga\/wp-json\/wp\/v2\/comments?post=697"}],"version-history":[{"count":1,"href":"https:\/\/ultimato.com.br\/sites\/carlinhosveiga\/wp-json\/wp\/v2\/posts\/697\/revisions"}],"predecessor-version":[{"id":698,"href":"https:\/\/ultimato.com.br\/sites\/carlinhosveiga\/wp-json\/wp\/v2\/posts\/697\/revisions\/698"}],"wp:attachment":[{"href":"https:\/\/ultimato.com.br\/sites\/carlinhosveiga\/wp-json\/wp\/v2\/media?parent=697"}],"wp:term":[{"taxonomy":"category","embeddable":true,"href":"https:\/\/ultimato.com.br\/sites\/carlinhosveiga\/wp-json\/wp\/v2\/categories?post=697"},{"taxonomy":"post_tag","embeddable":true,"href":"https:\/\/ultimato.com.br\/sites\/carlinhosveiga\/wp-json\/wp\/v2\/tags?post=697"}],"curies":[{"name":"wp","href":"https:\/\/api.w.org\/{rel}","templated":true}]}}