{"id":692,"date":"2010-10-23T16:28:55","date_gmt":"2010-10-23T19:28:55","guid":{"rendered":"http:\/\/ultimato.com.br\/sites\/carlinhosveiga\/?p=692"},"modified":"2010-10-23T16:28:55","modified_gmt":"2010-10-23T19:28:55","slug":"reconciliacao-por-meio-de-cristo","status":"publish","type":"post","link":"https:\/\/ultimato.com.br\/sites\/carlinhosveiga\/2010\/10\/23\/reconciliacao-por-meio-de-cristo\/","title":{"rendered":"Reconcilia\u00e7\u00e3o por meio de Cristo"},"content":{"rendered":"<p><a href=\"http:\/\/ultimato.com.br\/sites\/carlinhosveiga\/files\/2010\/10\/IMG_8508.jpg\"><img loading=\"lazy\" decoding=\"async\" class=\"alignright size-medium wp-image-693\" title=\"IMG_8508\" src=\"http:\/\/ultimato.com.br\/sites\/carlinhosveiga\/files\/2010\/10\/IMG_8508-300x225.jpg\" alt=\"\" width=\"300\" height=\"225\" srcset=\"https:\/\/ultimato.com.br\/sites\/carlinhosveiga\/files\/2010\/10\/IMG_8508-300x225.jpg 300w, https:\/\/ultimato.com.br\/sites\/carlinhosveiga\/files\/2010\/10\/IMG_8508-1024x768.jpg 1024w, https:\/\/ultimato.com.br\/sites\/carlinhosveiga\/files\/2010\/10\/IMG_8508-150x112.jpg 150w, https:\/\/ultimato.com.br\/sites\/carlinhosveiga\/files\/2010\/10\/IMG_8508.jpg 2048w\" sizes=\"auto, (max-width: 300px) 100vw, 300px\" \/><\/a><\/p>\n<p>A reconcilia\u00e7\u00e3o foi o tema central do segundo dia, baseado no cap\u00edtulo 2 de Ef\u00e9sios. Os pequenos grupos de seis pessoas, que se re\u00fanem diariamente, tiveram um tempo para o estudo b\u00edblico indutivo. Logo depois Ruth Padilla de Borst, secret\u00e1ria executiva da Fraternidade Teol\u00f3gica Latinoamericana, fez a exposi\u00e7\u00e3o b\u00edblica.<\/p>\n<p>Se o estudo conjunto da B\u00edblia j\u00e1 foi de grande impacto, os testemunhos que se seguiram vieram tornar a Palavra de Deus ainda mais viva. Ouvimos sobre o trabalho de resgate dos dalits, uma casta de escravos sem direitos, realizado por meio da igreja na India; logo depois o trabalho de Pranitha Timothy, uma franzina mission\u00e1ria na India, cujo trabalho \u00e9 resgatar escravos e lutar por suas causas judiciais. Uma informa\u00e7\u00e3o que recebemos foi a de que cerca de 15 milh\u00f5es de crian\u00e7as s\u00e3o escravas naquele pa\u00eds.<\/p>\n<p>Brenda Salter, uma norte americana falou sobre seu trabalho\u00a0 na \u00e1rea de reconcilia\u00e7\u00e3o racial e minist\u00e9rio transcultural. Depois ouvimos um maravilhoso di\u00e1logo entre Shadia Qubti, uma palestina, e Dan Sered, um israelita. Eles s\u00e3o crist\u00e3os e ocupavam juntos o mesmo p\u00falpito falando da obra que Cristo havia realizado em suas vidas. Sabemos dos conflitos e das diferen\u00e7as entre esses dois povos. V\u00ea-los juntos, lado a lado, falando sobre amor e reconcilia\u00e7\u00e3o foi de grande impacto para todos n\u00f3s.<\/p>\n<p>Depois desses testemunhos me pus a pensar sobre a grande obra que a Igreja precisa promover no Brasil lutando contra o preconceito e todo muro de separa\u00e7\u00e3o que muitas vezes a pr\u00f3pria igreja tem levantado. Mas isso \u00e9 assunto para outra pauta.<\/p>\n","protected":false},"excerpt":{"rendered":"<p>A reconcilia\u00e7\u00e3o foi o tema central do segundo dia, baseado no cap\u00edtulo 2 de Ef\u00e9sios. Os pequenos grupos de seis pessoas, que se re\u00fanem diariamente, tiveram um tempo para o estudo b\u00edblico indutivo. Logo depois Ruth Padilla de Borst, secret\u00e1ria executiva da Fraternidade Teol\u00f3gica Latinoamericana, fez a exposi\u00e7\u00e3o b\u00edblica.<br \/>\nSe o estudo conjunto da B\u00edblia j\u00e1 [&#8230;]<\/p>\n","protected":false},"author":9,"featured_media":0,"comment_status":"open","ping_status":"open","sticky":false,"template":"","format":"standard","meta":{"footnotes":""},"categories":[116],"tags":[6393,6392],"class_list":["post-692","post","type-post","status-publish","format-standard","hentry","category-blog","tag-cape-town-2010","tag-lausanne-3"],"_links":{"self":[{"href":"https:\/\/ultimato.com.br\/sites\/carlinhosveiga\/wp-json\/wp\/v2\/posts\/692","targetHints":{"allow":["GET"]}}],"collection":[{"href":"https:\/\/ultimato.com.br\/sites\/carlinhosveiga\/wp-json\/wp\/v2\/posts"}],"about":[{"href":"https:\/\/ultimato.com.br\/sites\/carlinhosveiga\/wp-json\/wp\/v2\/types\/post"}],"author":[{"embeddable":true,"href":"https:\/\/ultimato.com.br\/sites\/carlinhosveiga\/wp-json\/wp\/v2\/users\/9"}],"replies":[{"embeddable":true,"href":"https:\/\/ultimato.com.br\/sites\/carlinhosveiga\/wp-json\/wp\/v2\/comments?post=692"}],"version-history":[{"count":2,"href":"https:\/\/ultimato.com.br\/sites\/carlinhosveiga\/wp-json\/wp\/v2\/posts\/692\/revisions"}],"predecessor-version":[{"id":696,"href":"https:\/\/ultimato.com.br\/sites\/carlinhosveiga\/wp-json\/wp\/v2\/posts\/692\/revisions\/696"}],"wp:attachment":[{"href":"https:\/\/ultimato.com.br\/sites\/carlinhosveiga\/wp-json\/wp\/v2\/media?parent=692"}],"wp:term":[{"taxonomy":"category","embeddable":true,"href":"https:\/\/ultimato.com.br\/sites\/carlinhosveiga\/wp-json\/wp\/v2\/categories?post=692"},{"taxonomy":"post_tag","embeddable":true,"href":"https:\/\/ultimato.com.br\/sites\/carlinhosveiga\/wp-json\/wp\/v2\/tags?post=692"}],"curies":[{"name":"wp","href":"https:\/\/api.w.org\/{rel}","templated":true}]}}