{"id":687,"date":"2010-10-23T14:07:55","date_gmt":"2010-10-23T17:07:55","guid":{"rendered":"http:\/\/ultimato.com.br\/sites\/carlinhosveiga\/?p=687"},"modified":"2010-10-23T14:10:35","modified_gmt":"2010-10-23T17:10:35","slug":"conhecendo-a-igreja-sofredora","status":"publish","type":"post","link":"https:\/\/ultimato.com.br\/sites\/carlinhosveiga\/2010\/10\/23\/conhecendo-a-igreja-sofredora\/","title":{"rendered":"Conhecendo a igreja sofredora"},"content":{"rendered":"<p><a href=\"http:\/\/ultimato.com.br\/sites\/carlinhosveiga\/files\/2010\/10\/IMG_8457.jpg\"><img loading=\"lazy\" decoding=\"async\" class=\"alignright size-medium wp-image-688\" title=\"IMG_8457\" src=\"http:\/\/ultimato.com.br\/sites\/carlinhosveiga\/files\/2010\/10\/IMG_8457-300x225.jpg\" alt=\"\" width=\"300\" height=\"225\" srcset=\"https:\/\/ultimato.com.br\/sites\/carlinhosveiga\/files\/2010\/10\/IMG_8457-300x225.jpg 300w, https:\/\/ultimato.com.br\/sites\/carlinhosveiga\/files\/2010\/10\/IMG_8457-1024x768.jpg 1024w, https:\/\/ultimato.com.br\/sites\/carlinhosveiga\/files\/2010\/10\/IMG_8457-150x112.jpg 150w, https:\/\/ultimato.com.br\/sites\/carlinhosveiga\/files\/2010\/10\/IMG_8457.jpg 2048w\" sizes=\"auto, (max-width: 300px) 100vw, 300px\" \/><\/a><\/p>\n<p>Sem d\u00favida alguma, um dos pontos marcantes de Lausanne 3 tem sido o contato que temos tido com a igreja sofredora. A cada reuni\u00e3o tomamos conhecimento desta realidade por meio de v\u00eddeos e testemunhos de crentes que vivem vidas de priva\u00e7\u00e3o e persegui\u00e7\u00e3o por serem disc\u00edpulos de Cristo. Uma realidade desconhecida pela grande maioria da igreja brasileira.<\/p>\n<p>Testemunhos como de Gyeong Joo, uma adolescente da Cor\u00e9ia do Norte, pa\u00eds fechado ao evangelho, mas que vive na China, tem levado todos a uma reflex\u00e3o profunda sobre o discipulado de Jesus (leia mais em http:\/\/www.ultimato.com.br\/conteudo\/pequena-franzina-oriental-16-ou-17anos-ela-tambem-teve-um-sonho).<\/p>\n<p>Na noite de quinta-feira um empres\u00e1rio vietnamita convidou 25 brasileiros (eu estava entre eles) para um encontro com 13 pastores e l\u00edderes evang\u00e9licos de Vietnam. O objetivo era bem simples: troca de informa\u00e7\u00f5es sobre as igrejas desses dois pa\u00edses. O movimento evang\u00e9lico l\u00e1 ainda \u00e9 bem incipiente e as persegui\u00e7\u00f5es s\u00e3o bem freq\u00fcentes. Esse empres\u00e1rio queria promover contatos de l\u00edderes de seu pa\u00eds com a igreja brasileira, reconhecida mundialmente por seu crescimento. Nesse jantar, conheci um pastor presbiteriano que serve a Deus naquele contexto e que ficou preso por dois anos pelo simples fato de ser um pregador do Evangelho. Em nossas conversas disse que as igrejas das cidades n\u00e3o podem ser maiores do que 100 membros e que as reuni\u00f5es somente podem acontecer em casas. Eu nunca havia estado t\u00e3o pr\u00f3ximo da igreja sofredora. Foi um encontro indescrit\u00edvel e de marcas profundas para todos n\u00f3s que ali estivemos.<\/p>\n<p>Lembre-se de orar pelos irm\u00e3os e irm\u00e3s que ao redor do mundo tem sofrido por amarem a Cristo Jesus.<\/p>\n","protected":false},"excerpt":{"rendered":"<p>Sem d\u00favida alguma, um dos pontos marcantes de Lausanne 3 tem sido o contato que temos tido com a igreja sofredora. A cada reuni\u00e3o tomamos conhecimento desta realidade por meio de v\u00eddeos e testemunhos de crentes que vivem vidas de priva\u00e7\u00e3o e persegui\u00e7\u00e3o por serem disc\u00edpulos de Cristo. Uma realidade desconhecida pela grande maioria da [&#8230;]<\/p>\n","protected":false},"author":9,"featured_media":0,"comment_status":"open","ping_status":"open","sticky":false,"template":"","format":"standard","meta":{"footnotes":""},"categories":[116],"tags":[6393,6392],"class_list":["post-687","post","type-post","status-publish","format-standard","hentry","category-blog","tag-cape-town-2010","tag-lausanne-3"],"_links":{"self":[{"href":"https:\/\/ultimato.com.br\/sites\/carlinhosveiga\/wp-json\/wp\/v2\/posts\/687","targetHints":{"allow":["GET"]}}],"collection":[{"href":"https:\/\/ultimato.com.br\/sites\/carlinhosveiga\/wp-json\/wp\/v2\/posts"}],"about":[{"href":"https:\/\/ultimato.com.br\/sites\/carlinhosveiga\/wp-json\/wp\/v2\/types\/post"}],"author":[{"embeddable":true,"href":"https:\/\/ultimato.com.br\/sites\/carlinhosveiga\/wp-json\/wp\/v2\/users\/9"}],"replies":[{"embeddable":true,"href":"https:\/\/ultimato.com.br\/sites\/carlinhosveiga\/wp-json\/wp\/v2\/comments?post=687"}],"version-history":[{"count":3,"href":"https:\/\/ultimato.com.br\/sites\/carlinhosveiga\/wp-json\/wp\/v2\/posts\/687\/revisions"}],"predecessor-version":[{"id":690,"href":"https:\/\/ultimato.com.br\/sites\/carlinhosveiga\/wp-json\/wp\/v2\/posts\/687\/revisions\/690"}],"wp:attachment":[{"href":"https:\/\/ultimato.com.br\/sites\/carlinhosveiga\/wp-json\/wp\/v2\/media?parent=687"}],"wp:term":[{"taxonomy":"category","embeddable":true,"href":"https:\/\/ultimato.com.br\/sites\/carlinhosveiga\/wp-json\/wp\/v2\/categories?post=687"},{"taxonomy":"post_tag","embeddable":true,"href":"https:\/\/ultimato.com.br\/sites\/carlinhosveiga\/wp-json\/wp\/v2\/tags?post=687"}],"curies":[{"name":"wp","href":"https:\/\/api.w.org\/{rel}","templated":true}]}}