{"id":680,"date":"2010-10-18T18:32:27","date_gmt":"2010-10-18T21:32:27","guid":{"rendered":"http:\/\/ultimato.com.br\/sites\/carlinhosveiga\/?p=680"},"modified":"2010-10-19T12:02:04","modified_gmt":"2010-10-19T15:02:04","slug":"chegamos-em-cape-town","status":"publish","type":"post","link":"https:\/\/ultimato.com.br\/sites\/carlinhosveiga\/2010\/10\/18\/chegamos-em-cape-town\/","title":{"rendered":"Chegamos em Cape Town"},"content":{"rendered":"<p><a href=\"http:\/\/ultimato.com.br\/sites\/carlinhosveiga\/files\/2010\/10\/IMG_8390.jpg\"><img loading=\"lazy\" decoding=\"async\" class=\"alignright size-medium wp-image-682\" title=\"IMG_8390\" src=\"http:\/\/ultimato.com.br\/sites\/carlinhosveiga\/files\/2010\/10\/IMG_8390-300x225.jpg\" alt=\"\" width=\"240\" height=\"180\" srcset=\"https:\/\/ultimato.com.br\/sites\/carlinhosveiga\/files\/2010\/10\/IMG_8390-300x225.jpg 300w, https:\/\/ultimato.com.br\/sites\/carlinhosveiga\/files\/2010\/10\/IMG_8390-1024x768.jpg 1024w, https:\/\/ultimato.com.br\/sites\/carlinhosveiga\/files\/2010\/10\/IMG_8390-150x112.jpg 150w, https:\/\/ultimato.com.br\/sites\/carlinhosveiga\/files\/2010\/10\/IMG_8390.jpg 2048w\" sizes=\"auto, (max-width: 240px) 100vw, 240px\" \/><\/a>Chegamos na Cidade do Cabo h\u00e1 dois dias para o Congresso Cape Town 2010, tamb\u00e9m chamado de Lausanne 3. Ele faz parte de uma sequ\u00eancia de importantes congressos mundiais de evangeliza\u00e7\u00e3o: o primeiro aconteceu na cidade de Lausanne, na Su\u00ed\u00e7a, reunindo cerca de 2.700 participantes de 150 pa\u00edses do mundo. O documento final desse congresso, o Pacto de Lausanne, tornou-se uma refer\u00eancia para a igreja evangelical mundial e tem sido base para in\u00fameras empreitadas mission\u00e1rias, estudos e elabora\u00e7\u00f5es.<\/p>\n<p>O segundo congresso, Lausanne 2, aconteceu em Manilla, nas Filipinas, em 1989, 4.300 congressistas de 173 pa\u00edses. Pela primeira vez, depois do t\u00e9rmino da Guerra Fria, os crist\u00e3os da Uni\u00e3o Sovi\u00e9tica e pa\u00edses do Leste Europeu se assentaram com os irm\u00e3os das demais na\u00e7\u00f5es para tratarem de assuntos referentes \u00e0 evangeliza\u00e7\u00e3o mundial. O que a hist\u00f3ria registra \u00e9 que o segundo congresso n\u00e3o teve o impacto nem a relev\u00e2ncia do primeiro.<\/p>\n<p>Agora chegou a vez de acontecer o terceiro congresso do movimento Lausanne e s\u00e3o grandes as expectativas. Ser\u00e1 o primeiro grande evento crist\u00e3o ap\u00f3s a revolu\u00e7\u00e3o tecnol\u00f3gica e isto n\u00e3o representa apenas os benef\u00edcios que ser\u00e3o disponibilizados para a propaga\u00e7\u00e3o dos resultados desse encontro. Deve-se levar em conta as enormes transforma\u00e7\u00f5es que aconteceram em todo o mundo ap\u00f3s o avan\u00e7o tecnol\u00f3gico das comunica\u00e7\u00f5es. Tudo mudou: a globaliza\u00e7\u00e3o deu ao mundo outra cara, trazendo avan\u00e7os e retrocessos, ou melhor, novas configura\u00e7\u00f5es para a vida humana, a sociedade, a pol\u00edtica, a economia. Por isso, Lausanne 3 tem uma tarefa gigantesca diante dos desafios do mundo p\u00f3s-moderno. Ser\u00e1 poss\u00edvel avan\u00e7ar o tanto necess\u00e1rio?<\/p>\n<p>Dessa vez estar\u00e3o reunidos 4.500 l\u00edderes representantes de 200 pa\u00edses. O formato desse congresso \u00e9 bastante diferenciado, pois tem como base principal as mesas de discuss\u00f5es em grupos pequenos, que reagir\u00e3o \u00e0s palestras feitas no plen\u00e1rio. Cape Town \u00e9 uma cidade que est\u00e1 constru\u00edda entre o belo oceano azul e a Montanha da Mesa, um magn\u00edfico elevado de rochas naturais. A partir da sugestiva montanha, todo o congresso se reunir\u00e1 v\u00e1rias vezes do dia em torno da mesa para ora\u00e7\u00e3o, compartilhamento de id\u00e9ias e de vida, bem como para a realiza\u00e7\u00e3o di\u00e1ria da Ceia do Senhor, ao final de cada noite.<\/p>\n<p>Somos 90 brasileiros participando de Lausanne 3. Esperamos retornar para o Brasil levando em nossa bagagem mais do que vuvuzelas e artesanatos africanos. Queremos levar, principalmente, as impress\u00f5es e marcas deixadas pelo Esp\u00edrito Santo em nossas mentes e cora\u00e7\u00f5es e compartilh\u00e1-las com a igreja brasileira. E que nosso Deus seja exaltado e glorificado atrav\u00e9s desse congresso. Para o seu louvor e para a sua gl\u00f3ria!<\/p>\n","protected":false},"excerpt":{"rendered":"<p>Chegamos na Cidade do Cabo h\u00e1 dois dias para o Congresso Cape Town 2010, tamb\u00e9m chamado de Lausanne 3. Ele faz parte de uma sequ\u00eancia de importantes congressos mundiais de evangeliza\u00e7\u00e3o: o primeiro aconteceu na cidade de Lausanne, na Su\u00ed\u00e7a, reunindo cerca de 2.700 participantes de 150 pa\u00edses do mundo. O documento final desse congresso, [&#8230;]<\/p>\n","protected":false},"author":9,"featured_media":0,"comment_status":"open","ping_status":"open","sticky":false,"template":"","format":"standard","meta":{"footnotes":""},"categories":[116],"tags":[6393,6394,6392],"class_list":["post-680","post","type-post","status-publish","format-standard","hentry","category-blog","tag-cape-town-2010","tag-congreso-mundial-de-evangelizacao","tag-lausanne-3"],"_links":{"self":[{"href":"https:\/\/ultimato.com.br\/sites\/carlinhosveiga\/wp-json\/wp\/v2\/posts\/680","targetHints":{"allow":["GET"]}}],"collection":[{"href":"https:\/\/ultimato.com.br\/sites\/carlinhosveiga\/wp-json\/wp\/v2\/posts"}],"about":[{"href":"https:\/\/ultimato.com.br\/sites\/carlinhosveiga\/wp-json\/wp\/v2\/types\/post"}],"author":[{"embeddable":true,"href":"https:\/\/ultimato.com.br\/sites\/carlinhosveiga\/wp-json\/wp\/v2\/users\/9"}],"replies":[{"embeddable":true,"href":"https:\/\/ultimato.com.br\/sites\/carlinhosveiga\/wp-json\/wp\/v2\/comments?post=680"}],"version-history":[{"count":4,"href":"https:\/\/ultimato.com.br\/sites\/carlinhosveiga\/wp-json\/wp\/v2\/posts\/680\/revisions"}],"predecessor-version":[{"id":686,"href":"https:\/\/ultimato.com.br\/sites\/carlinhosveiga\/wp-json\/wp\/v2\/posts\/680\/revisions\/686"}],"wp:attachment":[{"href":"https:\/\/ultimato.com.br\/sites\/carlinhosveiga\/wp-json\/wp\/v2\/media?parent=680"}],"wp:term":[{"taxonomy":"category","embeddable":true,"href":"https:\/\/ultimato.com.br\/sites\/carlinhosveiga\/wp-json\/wp\/v2\/categories?post=680"},{"taxonomy":"post_tag","embeddable":true,"href":"https:\/\/ultimato.com.br\/sites\/carlinhosveiga\/wp-json\/wp\/v2\/tags?post=680"}],"curies":[{"name":"wp","href":"https:\/\/api.w.org\/{rel}","templated":true}]}}