{"id":677,"date":"2010-09-30T17:33:45","date_gmt":"2010-09-30T20:33:45","guid":{"rendered":"http:\/\/ultimato.com.br\/sites\/carlinhosveiga\/?p=677"},"modified":"2010-09-30T17:33:45","modified_gmt":"2010-09-30T20:33:45","slug":"vote-maragogi-no-festival-nacional-fm","status":"publish","type":"post","link":"https:\/\/ultimato.com.br\/sites\/carlinhosveiga\/2010\/09\/30\/vote-maragogi-no-festival-nacional-fm\/","title":{"rendered":"Vote Maragogi no Festival Nacional FM!"},"content":{"rendered":"<p>Em janeiro desse ano conheci a bel\u00edssima Maragogi, uma cidade da costa alagoana, quase pernambucana. Alguns amigos<a href=\"http:\/\/ultimato.com.br\/sites\/carlinhosveiga\/files\/2010\/09\/bannerFestival.jpg\"><img loading=\"lazy\" decoding=\"async\" class=\"alignright size-full wp-image-678\" title=\"bannerFestival\" src=\"http:\/\/ultimato.com.br\/sites\/carlinhosveiga\/files\/2010\/09\/bannerFestival.jpg\" alt=\"\" width=\"300\" height=\"160\" srcset=\"https:\/\/ultimato.com.br\/sites\/carlinhosveiga\/files\/2010\/09\/bannerFestival.jpg 300w, https:\/\/ultimato.com.br\/sites\/carlinhosveiga\/files\/2010\/09\/bannerFestival-150x80.jpg 150w\" sizes=\"auto, (max-width: 300px) 100vw, 300px\" \/><\/a> t\u00eam uma bela casa naquele lugar paradis\u00edaco e convidaram a mim e a Cl\u00e1udia para uma visita. Como era de se esperar, o cen\u00e1rio t\u00e3o inspirador me presenteou com mais uma m\u00fasica feita em tempos de f\u00e9rias (Acu\u00edpe, Sabi\u00e1 s\u00e3o do mesmo naipe).<\/p>\n<p>Na prepara\u00e7\u00e3o do DVD Ch\u00e3o, que ser\u00e1 lan\u00e7ado em breve, gravamos Maragogi como \u201cb\u00f4nus track\u201d para o CD ao vivo. Quando ficamos sabendo do Festival Nacional FM, o Pedro Veiga e o Leo Barbosa logo se articularam para inscrever a can\u00e7\u00e3o. Dito e feito.<\/p>\n<p>E n\u00e3o \u00e9 que a m\u00fasica agradou e foi classificada nessa primeira fase? Ela est\u00e1 entre as 30 melhores do Distrito Federal, ao lado de muita gente boa, do primeiro escal\u00e3o da MPB no DF.<\/p>\n<p>Agora, conto com o seu voto para lev\u00e1-la \u00e0 terceira fase, que ser\u00e1 no dia 29 de outubro no Teatro S\u00edlvio Barbatto, em Bras\u00edlia. Da\u00ed segue para concorrer com as melhores de todo o pa\u00eds.<\/p>\n<p>Como faz para votar? \u00c9 s\u00f3 entrar no site <a href=\"http:\/\/radioagencianacional.ebc.com.br\/festivalfm\">http:\/\/radioagencianacional.ebc.com.br\/festivalfm<\/a>, cadastrar-se e votar. A m\u00fasica \u00e9 <strong>MARAGOGI \u2013 de Carlinhos Veiga<\/strong>. Seu voto \u00e9 muito bem vindo!<\/p>\n<p>Esse festival \u00e9 promovido pela ARPUB \u2013 Associa\u00e7\u00e3o das R\u00e1dios P\u00fablicas do Brasil.<\/p>\n","protected":false},"excerpt":{"rendered":"<p>Em janeiro desse ano conheci a bel\u00edssima Maragogi, uma cidade da costa alagoana, quase pernambucana. Alguns amigos t\u00eam uma bela casa naquele lugar paradis\u00edaco e convidaram a mim e a Cl\u00e1udia para uma visita. Como era de se esperar, o cen\u00e1rio t\u00e3o inspirador me presenteou com mais uma m\u00fasica feita em tempos de f\u00e9rias (Acu\u00edpe, [&#8230;]<\/p>\n","protected":false},"author":9,"featured_media":0,"comment_status":"open","ping_status":"open","sticky":false,"template":"","format":"standard","meta":{"footnotes":""},"categories":[116],"tags":[6389,6390,6391],"class_list":["post-677","post","type-post","status-publish","format-standard","hentry","category-blog","tag-festival","tag-maragogi","tag-nacional-fm"],"_links":{"self":[{"href":"https:\/\/ultimato.com.br\/sites\/carlinhosveiga\/wp-json\/wp\/v2\/posts\/677","targetHints":{"allow":["GET"]}}],"collection":[{"href":"https:\/\/ultimato.com.br\/sites\/carlinhosveiga\/wp-json\/wp\/v2\/posts"}],"about":[{"href":"https:\/\/ultimato.com.br\/sites\/carlinhosveiga\/wp-json\/wp\/v2\/types\/post"}],"author":[{"embeddable":true,"href":"https:\/\/ultimato.com.br\/sites\/carlinhosveiga\/wp-json\/wp\/v2\/users\/9"}],"replies":[{"embeddable":true,"href":"https:\/\/ultimato.com.br\/sites\/carlinhosveiga\/wp-json\/wp\/v2\/comments?post=677"}],"version-history":[{"count":1,"href":"https:\/\/ultimato.com.br\/sites\/carlinhosveiga\/wp-json\/wp\/v2\/posts\/677\/revisions"}],"predecessor-version":[{"id":679,"href":"https:\/\/ultimato.com.br\/sites\/carlinhosveiga\/wp-json\/wp\/v2\/posts\/677\/revisions\/679"}],"wp:attachment":[{"href":"https:\/\/ultimato.com.br\/sites\/carlinhosveiga\/wp-json\/wp\/v2\/media?parent=677"}],"wp:term":[{"taxonomy":"category","embeddable":true,"href":"https:\/\/ultimato.com.br\/sites\/carlinhosveiga\/wp-json\/wp\/v2\/categories?post=677"},{"taxonomy":"post_tag","embeddable":true,"href":"https:\/\/ultimato.com.br\/sites\/carlinhosveiga\/wp-json\/wp\/v2\/tags?post=677"}],"curies":[{"name":"wp","href":"https:\/\/api.w.org\/{rel}","templated":true}]}}