{"id":664,"date":"2010-09-29T11:20:08","date_gmt":"2010-09-29T14:20:08","guid":{"rendered":"http:\/\/ultimato.com.br\/sites\/carlinhosveiga\/?p=664"},"modified":"2010-09-29T11:20:08","modified_gmt":"2010-09-29T14:20:08","slug":"podcast-16-elen-lara","status":"publish","type":"post","link":"https:\/\/ultimato.com.br\/sites\/carlinhosveiga\/2010\/09\/29\/podcast-16-elen-lara\/","title":{"rendered":"Podcast #16: Elen Lara"},"content":{"rendered":"<p><a href=\"http:\/\/ultimato.com.br\/sites\/carlinhosveiga\/files\/2010\/09\/cd_elen_lara.jpg\"><img loading=\"lazy\" decoding=\"async\" class=\"alignright size-full wp-image-670\" title=\"CD Elen Lara\" src=\"http:\/\/ultimato.com.br\/sites\/carlinhosveiga\/files\/2010\/09\/cd_elen_lara.jpg\" alt=\"\" width=\"160\" height=\"158\" srcset=\"https:\/\/ultimato.com.br\/sites\/carlinhosveiga\/files\/2010\/09\/cd_elen_lara.jpg 160w, https:\/\/ultimato.com.br\/sites\/carlinhosveiga\/files\/2010\/09\/cd_elen_lara-64x64.jpg 64w, https:\/\/ultimato.com.br\/sites\/carlinhosveiga\/files\/2010\/09\/cd_elen_lara-150x148.jpg 150w\" sizes=\"auto, (max-width: 160px) 100vw, 160px\" \/><\/a>Carlinhos recebeu em seu est\u00fadio a cantora Elen Lara para um bate papo sobre o CD <strong>Simples Gestos<\/strong>. Este \u00e9 o primeiro CD de Elen, gravado depois de tr\u00eas d\u00e9cadas de carreira. Seu esposo, D\u00e1mon Farias, tamb\u00e9m participa deste podcast. Confira!<\/p>\n<p><\/p>\n","protected":false},"excerpt":{"rendered":"<p>Carlinhos recebeu em seu est\u00fadio a cantora Elen Lara para um bate papo sobre o CD Simples Gestos. Este \u00e9 o primeiro CD de Elen.<\/p>\n","protected":false},"author":4,"featured_media":670,"comment_status":"open","ping_status":"open","sticky":false,"template":"","format":"standard","meta":{"footnotes":""},"categories":[117],"tags":[5253,6387,5776,24323,118,6388],"class_list":["post-664","post","type-post","status-publish","format-standard","has-post-thumbnail","hentry","category-novos-acordes","tag-audio","tag-elen-lara","tag-mp3","tag-novos-acordes","tag-podcast","tag-simples-gestos"],"_links":{"self":[{"href":"https:\/\/ultimato.com.br\/sites\/carlinhosveiga\/wp-json\/wp\/v2\/posts\/664","targetHints":{"allow":["GET"]}}],"collection":[{"href":"https:\/\/ultimato.com.br\/sites\/carlinhosveiga\/wp-json\/wp\/v2\/posts"}],"about":[{"href":"https:\/\/ultimato.com.br\/sites\/carlinhosveiga\/wp-json\/wp\/v2\/types\/post"}],"author":[{"embeddable":true,"href":"https:\/\/ultimato.com.br\/sites\/carlinhosveiga\/wp-json\/wp\/v2\/users\/4"}],"replies":[{"embeddable":true,"href":"https:\/\/ultimato.com.br\/sites\/carlinhosveiga\/wp-json\/wp\/v2\/comments?post=664"}],"version-history":[{"count":10,"href":"https:\/\/ultimato.com.br\/sites\/carlinhosveiga\/wp-json\/wp\/v2\/posts\/664\/revisions"}],"predecessor-version":[{"id":675,"href":"https:\/\/ultimato.com.br\/sites\/carlinhosveiga\/wp-json\/wp\/v2\/posts\/664\/revisions\/675"}],"wp:featuredmedia":[{"embeddable":true,"href":"https:\/\/ultimato.com.br\/sites\/carlinhosveiga\/wp-json\/wp\/v2\/media\/670"}],"wp:attachment":[{"href":"https:\/\/ultimato.com.br\/sites\/carlinhosveiga\/wp-json\/wp\/v2\/media?parent=664"}],"wp:term":[{"taxonomy":"category","embeddable":true,"href":"https:\/\/ultimato.com.br\/sites\/carlinhosveiga\/wp-json\/wp\/v2\/categories?post=664"},{"taxonomy":"post_tag","embeddable":true,"href":"https:\/\/ultimato.com.br\/sites\/carlinhosveiga\/wp-json\/wp\/v2\/tags?post=664"}],"curies":[{"name":"wp","href":"https:\/\/api.w.org\/{rel}","templated":true}]}}