{"id":656,"date":"2010-09-03T17:50:55","date_gmt":"2010-09-03T20:50:55","guid":{"rendered":"http:\/\/ultimato.com.br\/sites\/carlinhosveiga\/?p=656"},"modified":"2010-09-03T18:06:13","modified_gmt":"2010-09-03T21:06:13","slug":"conversando-sobre-musica-com-os-indigenas","status":"publish","type":"post","link":"https:\/\/ultimato.com.br\/sites\/carlinhosveiga\/2010\/09\/03\/conversando-sobre-musica-com-os-indigenas\/","title":{"rendered":"Conversando sobre m\u00fasica com os ind\u00edgenas"},"content":{"rendered":"<p>Era como um sonho. H\u00e1 mais de 17 anos atr\u00e1s eu havia recebido o primeiro convite para falar aos ind\u00edgenas da tribo<a href=\"http:\/\/ultimato.com.br\/sites\/carlinhosveiga\/files\/2010\/09\/uso_escrituras.jpg\"><img loading=\"lazy\" decoding=\"async\" class=\"alignright size-medium wp-image-657\" title=\"uso_escrituras\" src=\"http:\/\/ultimato.com.br\/sites\/carlinhosveiga\/files\/2010\/09\/uso_escrituras-205x300.jpg\" alt=\"\" width=\"205\" height=\"300\" srcset=\"https:\/\/ultimato.com.br\/sites\/carlinhosveiga\/files\/2010\/09\/uso_escrituras-205x300.jpg 205w, https:\/\/ultimato.com.br\/sites\/carlinhosveiga\/files\/2010\/09\/uso_escrituras-102x150.jpg 102w, https:\/\/ultimato.com.br\/sites\/carlinhosveiga\/files\/2010\/09\/uso_escrituras.jpg 654w\" sizes=\"auto, (max-width: 205px) 100vw, 205px\" \/><\/a> Terena sobre m\u00fasica contextualizada. Naquela altura as guitarras estavam sendo introduzidas fortemente na adora\u00e7\u00e3o comunit\u00e1ria em algumas tribos. Como me viram tocando e cantando m\u00fasicas de \u201craiz\u201d, brasileira, fizeram esse convite. Queriam que eu convencesse os jovens que a m\u00fasica dos seus ancestrais poderia ser utilizada a servi\u00e7o do Reino de Deus. Infelizmente a viagem acabou n\u00e3o acontecendo. Depois surgiram mais alguns convites que por v\u00e1rias raz\u00f5es tamb\u00e9m n\u00e3o aconteceram.<\/p>\n<p>Mas, agora, o sonho estava se cumprindo. Eu estava participando do \u201cF\u00f3rum Brasileiro sobre o uso das Escrituras em L\u00edngua Ind\u00edgena\u201d, diante de mais de 200 pessoas falando sobre o tema \u201cEtnomusicologia: uso da m\u00fasica ind\u00edgena na celebra\u00e7\u00e3o crist\u00e3\u201d. Desse p\u00fablico, a grande maioria era de ind\u00edgenas, representando 52 na\u00e7\u00f5es das 104 existentes no territ\u00f3rio brasileiro. Confesso que eu estava muito emocionado.<\/p>\n<p>Anunciaram o meu nome e eu subi para o palco um tanto nervoso. Mas foi s\u00f3 puxar as cordas da viola caipira que o p\u00fablico se abriu para mim e eu para eles. Cada vez mais me impressiono com a \u201cmagia\u201d do som da viola caipira. \u00c9 uma sonoridade que conquista a todo brasileiro. Como disse Roberto Corr\u00eaa, \u00e9 como se o som desse instrumento estivesse entranhado no DNA do brasileiro. E tenho constatado isso, nos quatro cantos desse pa\u00eds de meu Deus. Literalmente do sul ao norte; do leste ao oeste.<\/p>\n<p>Subi na plataforma e passei a contar as minhas hist\u00f3rias nessa caminhada de reencontro com a m\u00fasica do meu povo. Contei a eles que num primeiro momento da caminhada crist\u00e3, eu tinha vergonha de ser brasileiro, como se isso fosse um enorme pecado. Mas que com o passar dos anos Deus foi me mostrando que a cultura era um presente dEle para mim e para o nosso povo. Ele n\u00e3o queria que eu abandonasse a minha cultura, mas que trabalhasse pela reden\u00e7\u00e3o dessa cultura. Enquanto eu falava, o zum-zum dos in\u00fameros tradutores enchia o ambiente. Os que n\u00e3o conheciam bem o portugu\u00eas se assentaram em pequenos c\u00edrculos e os tradutores iam transmitindo as minhas palavras nas l\u00ednguas de cada na\u00e7\u00e3o. Eu via os olhos deles brilhando e me lembrava dos meus, quando essa mensagem libertadora me alcan\u00e7ou. \u00c0s vezes eu achava que n\u00e3o conseguiria completar a frase, tamanha emo\u00e7\u00e3o.<\/p>\n<p>Por v\u00e1rios momentos minha fala foi interrompida por brados de alegria. \u201cN\u00e3o abram m\u00e3o da m\u00fasica de seus pais, de seus av\u00f3s, de seus ancestrais. Usem essa m\u00fasica para adorar a Deus. Ningu\u00e9m conseguir\u00e1 cantar essa m\u00fasica como voc\u00ea canta. Ela \u00e9 um presente de Deus para o seu povo. Deus quer receber seu louvor na m\u00fasica do seu cora\u00e7\u00e3o\u201d.<\/p>\n<p>Foi uma manh\u00e3 inesquec\u00edvel. Logo depois de mim o jovem etnomusic\u00f3logo e praticamente te\u00f3logo (est\u00e1 no final do seu curso) Heber Negr\u00e3o, tomou a palavra e falou sobre a m\u00fasica ind\u00edgena aplicada na vida da igreja. O H\u00e9ber \u00e9 um rapaz ainda novo que tive o privil\u00e9gio de conhecer h\u00e1 alguns anos atr\u00e1s em Bel\u00e9m. Certamente Deus o tem levantado de maneira especial para ajudar as igrejas ind\u00edgenas a redescobrirem o valor de suas m\u00fasicas e utliliz\u00e1-las para a gl\u00f3ria de Jesus e a b\u00ean\u00e7\u00e3o de seu povo.<\/p>\n<p>Essa experi\u00eancia eu guardarei para sempre em meu cora\u00e7\u00e3o.<\/p>\n<p>Assista um pequeno trecho de um louvor ind\u00edgena no F\u00f3rum:<\/p>\n<p><iframe loading=\"lazy\" width=\"750\" height=\"563\" src=\"https:\/\/www.youtube.com\/embed\/4Gtr568H54E?feature=oembed\" frameborder=\"0\" allowfullscreen><\/iframe><\/p>\n","protected":false},"excerpt":{"rendered":"<p>Era como um sonho. H\u00e1 mais de 17 anos atr\u00e1s eu havia recebido o primeiro convite para falar aos ind\u00edgenas da tribo Terena sobre m\u00fasica contextualizada. Naquela altura as guitarras estavam sendo introduzidas fortemente na adora\u00e7\u00e3o comunit\u00e1ria em algumas tribos. Como me viram tocando e cantando m\u00fasicas de \u201craiz\u201d, brasileira, fizeram esse convite. Queriam que [&#8230;]<\/p>\n","protected":false},"author":9,"featured_media":0,"comment_status":"open","ping_status":"open","sticky":false,"template":"","format":"standard","meta":{"footnotes":""},"categories":[114],"tags":[6386,12],"class_list":["post-656","post","type-post","status-publish","format-standard","hentry","category-artigos","tag-etnomusicologia","tag-indigenas"],"_links":{"self":[{"href":"https:\/\/ultimato.com.br\/sites\/carlinhosveiga\/wp-json\/wp\/v2\/posts\/656","targetHints":{"allow":["GET"]}}],"collection":[{"href":"https:\/\/ultimato.com.br\/sites\/carlinhosveiga\/wp-json\/wp\/v2\/posts"}],"about":[{"href":"https:\/\/ultimato.com.br\/sites\/carlinhosveiga\/wp-json\/wp\/v2\/types\/post"}],"author":[{"embeddable":true,"href":"https:\/\/ultimato.com.br\/sites\/carlinhosveiga\/wp-json\/wp\/v2\/users\/9"}],"replies":[{"embeddable":true,"href":"https:\/\/ultimato.com.br\/sites\/carlinhosveiga\/wp-json\/wp\/v2\/comments?post=656"}],"version-history":[{"count":4,"href":"https:\/\/ultimato.com.br\/sites\/carlinhosveiga\/wp-json\/wp\/v2\/posts\/656\/revisions"}],"predecessor-version":[{"id":662,"href":"https:\/\/ultimato.com.br\/sites\/carlinhosveiga\/wp-json\/wp\/v2\/posts\/656\/revisions\/662"}],"wp:attachment":[{"href":"https:\/\/ultimato.com.br\/sites\/carlinhosveiga\/wp-json\/wp\/v2\/media?parent=656"}],"wp:term":[{"taxonomy":"category","embeddable":true,"href":"https:\/\/ultimato.com.br\/sites\/carlinhosveiga\/wp-json\/wp\/v2\/categories?post=656"},{"taxonomy":"post_tag","embeddable":true,"href":"https:\/\/ultimato.com.br\/sites\/carlinhosveiga\/wp-json\/wp\/v2\/tags?post=656"}],"curies":[{"name":"wp","href":"https:\/\/api.w.org\/{rel}","templated":true}]}}