{"id":653,"date":"2010-09-03T17:47:05","date_gmt":"2010-09-03T20:47:05","guid":{"rendered":"http:\/\/ultimato.com.br\/sites\/carlinhosveiga\/?p=653"},"modified":"2010-09-03T17:47:05","modified_gmt":"2010-09-03T20:47:05","slug":"os-141-anos-do-instituto-presbiteriano-gammon","status":"publish","type":"post","link":"https:\/\/ultimato.com.br\/sites\/carlinhosveiga\/2010\/09\/03\/os-141-anos-do-instituto-presbiteriano-gammon\/","title":{"rendered":"Os 141 anos do Instituto Presbiteriano Gammon"},"content":{"rendered":"<p>No final de semana passado, eu e o Pedro tivemos o privil\u00e9gio de participar das comemora\u00e7\u00f5es dos 141 an<a href=\"http:\/\/ultimato.com.br\/sites\/carlinhosveiga\/files\/2010\/09\/gammon.png\"><img loading=\"lazy\" decoding=\"async\" class=\"alignright size-medium wp-image-654\" title=\"gammon\" src=\"http:\/\/ultimato.com.br\/sites\/carlinhosveiga\/files\/2010\/09\/gammon-199x300.png\" alt=\"\" width=\"199\" height=\"300\" srcset=\"https:\/\/ultimato.com.br\/sites\/carlinhosveiga\/files\/2010\/09\/gammon-199x300.png 199w, https:\/\/ultimato.com.br\/sites\/carlinhosveiga\/files\/2010\/09\/gammon-99x150.png 99w, https:\/\/ultimato.com.br\/sites\/carlinhosveiga\/files\/2010\/09\/gammon.png 591w\" sizes=\"auto, (max-width: 199px) 100vw, 199px\" \/><\/a>os do Instituto Presbiteriano Gammon, na cidade de Lavras (MG). Foram dois dias muito intensos e cheios de surpresas. A hist\u00f3ria dessa institui\u00e7\u00e3o \u00e9 muito rica. Foi a primeira institui\u00e7\u00e3o de ensino evang\u00e9lica do pa\u00eds, antecedendo o pr\u00f3prio Mackenzie.<\/p>\n<p>No s\u00e1bado (28 de agosto) tivemos um encontro com a juventude da cidade. Cantamos e eu falei sobre a Amizade Profunda com Deus. No domingo pela manh\u00e3 (29 de agosto), participamos do culto pelo anivers\u00e1rio. Cantamos e eu preguei sobre \u201cSonhar com o futuro\u201d. Agrade\u00e7o muito \u00e0 dire\u00e7\u00e3o desse instituto pelo privil\u00e9gio do convite.<\/p>\n","protected":false},"excerpt":{"rendered":"<p>No final de semana passado, eu e o Pedro tivemos o privil\u00e9gio de participar das comemora\u00e7\u00f5es dos 141 anos do Instituto Presbiteriano Gammon, na cidade de Lavras (MG). Foram dois dias muito intensos e cheios de surpresas. A hist\u00f3ria dessa institui\u00e7\u00e3o \u00e9 muito rica. Foi a primeira institui\u00e7\u00e3o de ensino evang\u00e9lica do pa\u00eds, antecedendo o [&#8230;]<\/p>\n","protected":false},"author":9,"featured_media":0,"comment_status":"open","ping_status":"open","sticky":false,"template":"","format":"standard","meta":{"footnotes":""},"categories":[116],"tags":[],"class_list":["post-653","post","type-post","status-publish","format-standard","hentry","category-blog"],"_links":{"self":[{"href":"https:\/\/ultimato.com.br\/sites\/carlinhosveiga\/wp-json\/wp\/v2\/posts\/653","targetHints":{"allow":["GET"]}}],"collection":[{"href":"https:\/\/ultimato.com.br\/sites\/carlinhosveiga\/wp-json\/wp\/v2\/posts"}],"about":[{"href":"https:\/\/ultimato.com.br\/sites\/carlinhosveiga\/wp-json\/wp\/v2\/types\/post"}],"author":[{"embeddable":true,"href":"https:\/\/ultimato.com.br\/sites\/carlinhosveiga\/wp-json\/wp\/v2\/users\/9"}],"replies":[{"embeddable":true,"href":"https:\/\/ultimato.com.br\/sites\/carlinhosveiga\/wp-json\/wp\/v2\/comments?post=653"}],"version-history":[{"count":1,"href":"https:\/\/ultimato.com.br\/sites\/carlinhosveiga\/wp-json\/wp\/v2\/posts\/653\/revisions"}],"predecessor-version":[{"id":655,"href":"https:\/\/ultimato.com.br\/sites\/carlinhosveiga\/wp-json\/wp\/v2\/posts\/653\/revisions\/655"}],"wp:attachment":[{"href":"https:\/\/ultimato.com.br\/sites\/carlinhosveiga\/wp-json\/wp\/v2\/media?parent=653"}],"wp:term":[{"taxonomy":"category","embeddable":true,"href":"https:\/\/ultimato.com.br\/sites\/carlinhosveiga\/wp-json\/wp\/v2\/categories?post=653"},{"taxonomy":"post_tag","embeddable":true,"href":"https:\/\/ultimato.com.br\/sites\/carlinhosveiga\/wp-json\/wp\/v2\/tags?post=653"}],"curies":[{"name":"wp","href":"https:\/\/api.w.org\/{rel}","templated":true}]}}