{"id":641,"date":"2010-09-03T08:47:11","date_gmt":"2010-09-03T11:47:11","guid":{"rendered":"http:\/\/ultimato.com.br\/sites\/carlinhosveiga\/?p=641"},"modified":"2010-09-03T08:47:11","modified_gmt":"2010-09-03T11:47:11","slug":"podcast-15-daniel-maia","status":"publish","type":"post","link":"https:\/\/ultimato.com.br\/sites\/carlinhosveiga\/2010\/09\/03\/podcast-15-daniel-maia\/","title":{"rendered":"Podcast #15: Daniel Maia"},"content":{"rendered":"<p><a href=\"http:\/\/ultimato.com.br\/sites\/carlinhosveiga\/files\/2010\/09\/capa_daniel_maia.jpg\"><img loading=\"lazy\" decoding=\"async\" class=\"alignright size-full wp-image-646\" title=\"capa_daniel_maia\" src=\"http:\/\/ultimato.com.br\/sites\/carlinhosveiga\/files\/2010\/09\/capa_daniel_maia.jpg\" alt=\"\" width=\"160\" height=\"155\" srcset=\"https:\/\/ultimato.com.br\/sites\/carlinhosveiga\/files\/2010\/09\/capa_daniel_maia.jpg 160w, https:\/\/ultimato.com.br\/sites\/carlinhosveiga\/files\/2010\/09\/capa_daniel_maia-150x145.jpg 150w\" sizes=\"auto, (max-width: 160px) 100vw, 160px\" \/><\/a>No podcast Novos acordes # 15, Carlinhos bate um papo com Daniel Maia. Atualmente ele \u00e9 o arranjador e diretor musical do maluco Tom Z\u00e9. Membro da Igreja Batista \u00c1gua Branca, seu nome sempre est\u00e1 nas fichas t\u00e9cnicas dos m\u00fasicos de S\u00e3o Paulo, ora como instrumentista, ora como arranjador.<\/p>\n<p><\/p>\n","protected":false},"excerpt":{"rendered":"<p>No podcast Novos acordes # 15, Carlinhos bate um papo com Daniel Maia. Atualmente ele \u00e9 o arranjador e diretor musical do maluco Tom Z\u00e9.<\/p>\n","protected":false},"author":4,"featured_media":646,"comment_status":"open","ping_status":"open","sticky":false,"template":"","format":"standard","meta":{"footnotes":""},"categories":[117],"tags":[5253,4399,5776,24323,118,6048],"class_list":["post-641","post","type-post","status-publish","format-standard","has-post-thumbnail","hentry","category-novos-acordes","tag-audio","tag-daniel-maia","tag-mp3","tag-novos-acordes","tag-podcast","tag-tempo"],"_links":{"self":[{"href":"https:\/\/ultimato.com.br\/sites\/carlinhosveiga\/wp-json\/wp\/v2\/posts\/641","targetHints":{"allow":["GET"]}}],"collection":[{"href":"https:\/\/ultimato.com.br\/sites\/carlinhosveiga\/wp-json\/wp\/v2\/posts"}],"about":[{"href":"https:\/\/ultimato.com.br\/sites\/carlinhosveiga\/wp-json\/wp\/v2\/types\/post"}],"author":[{"embeddable":true,"href":"https:\/\/ultimato.com.br\/sites\/carlinhosveiga\/wp-json\/wp\/v2\/users\/4"}],"replies":[{"embeddable":true,"href":"https:\/\/ultimato.com.br\/sites\/carlinhosveiga\/wp-json\/wp\/v2\/comments?post=641"}],"version-history":[{"count":10,"href":"https:\/\/ultimato.com.br\/sites\/carlinhosveiga\/wp-json\/wp\/v2\/posts\/641\/revisions"}],"predecessor-version":[{"id":1234,"href":"https:\/\/ultimato.com.br\/sites\/carlinhosveiga\/wp-json\/wp\/v2\/posts\/641\/revisions\/1234"}],"wp:featuredmedia":[{"embeddable":true,"href":"https:\/\/ultimato.com.br\/sites\/carlinhosveiga\/wp-json\/wp\/v2\/media\/646"}],"wp:attachment":[{"href":"https:\/\/ultimato.com.br\/sites\/carlinhosveiga\/wp-json\/wp\/v2\/media?parent=641"}],"wp:term":[{"taxonomy":"category","embeddable":true,"href":"https:\/\/ultimato.com.br\/sites\/carlinhosveiga\/wp-json\/wp\/v2\/categories?post=641"},{"taxonomy":"post_tag","embeddable":true,"href":"https:\/\/ultimato.com.br\/sites\/carlinhosveiga\/wp-json\/wp\/v2\/tags?post=641"}],"curies":[{"name":"wp","href":"https:\/\/api.w.org\/{rel}","templated":true}]}}