{"id":634,"date":"2010-08-27T00:25:58","date_gmt":"2010-08-27T03:25:58","guid":{"rendered":"http:\/\/ultimato.com.br\/sites\/carlinhosveiga\/?p=634"},"modified":"2010-08-27T00:27:49","modified_gmt":"2010-08-27T03:27:49","slug":"o-livro-do-som-do-ceu-recebe-o-premio-arete-2010","status":"publish","type":"post","link":"https:\/\/ultimato.com.br\/sites\/carlinhosveiga\/2010\/08\/27\/o-livro-do-som-do-ceu-recebe-o-premio-arete-2010\/","title":{"rendered":"O Livro do Som do C\u00e9u recebe o pr\u00eamio Aret\u00e9 2010"},"content":{"rendered":"<p><a href=\"http:\/\/ultimato.com.br\/sites\/carlinhosveiga\/files\/2010\/08\/O-livro-do-Som-do-C\u00e9u.jpg\"><img loading=\"lazy\" decoding=\"async\" class=\"alignright size-medium wp-image-635\" title=\"O livro do Som do C\u00e9u\" src=\"http:\/\/ultimato.com.br\/sites\/carlinhosveiga\/files\/2010\/08\/O-livro-do-Som-do-C\u00e9u-198x300.jpg\" alt=\"\" width=\"198\" height=\"300\" srcset=\"https:\/\/ultimato.com.br\/sites\/carlinhosveiga\/files\/2010\/08\/O-livro-do-Som-do-C\u00e9u-198x300.jpg 198w, https:\/\/ultimato.com.br\/sites\/carlinhosveiga\/files\/2010\/08\/O-livro-do-Som-do-C\u00e9u-99x150.jpg 99w, https:\/\/ultimato.com.br\/sites\/carlinhosveiga\/files\/2010\/08\/O-livro-do-Som-do-C\u00e9u.jpg 265w\" sizes=\"auto, (max-width: 198px) 100vw, 198px\" \/><\/a><\/p>\n<p>Na semana passada foi realizada a entrega do Pr\u00eamio Aret\u00e9 2010, oferecido aos melhores livros evang\u00e9licos lan\u00e7ados no ano passado. Promovido pela ASEC (Associa\u00e7\u00e3o dos Escritores Crist\u00e3os), a edi\u00e7\u00e3o recebeu 400 inscri\u00e7\u00f5es que concorreram em 30 categorias. Este evento fez parte da programa\u00e7\u00e3o da 21\u00aa Bienal Internacional do Livro, em S\u00e3o Paulo.<\/p>\n<p>Para a minha surpresa e alegria, o <strong>Livro do Som do C\u00e9u<\/strong> foi o vencedor na categoria inspira\u00e7\u00e3o\/nacional. \u00a0Ele foi editado pela Editora Palavra e organizado por mim e pelo Rick Szuecs, a convite do amigo Marcelo Gualberto, diretor executivo da Mocidade Para Cristo do Brasil (MPC).<\/p>\n<p>O livro \u00e9 o resultado de palestras e debates acontecidos no anivers\u00e1rio de 25 anos do Som do C\u00e9u, um evento crist\u00e3o promovido pela MPC que acontece anualmente em S\u00e3o Sebasti\u00e3o das \u00c1guas Claras (MG) e que re\u00fane artistas de diversas localidades.\u00a0 Com os anos, tornou-se um dos principais eventos de arte no pa\u00eds. No livro constam 16 cap\u00edtulos escritos por m\u00fasicos conhecidos e que t\u00eam um relevante minist\u00e9rio. S\u00e3o eles: Nelson Bomilcar, Jorge Camargo, Paulo C\u00e9sar (Grupo Logos), Denise Bahiense (Quarteto Vida), Marcos Fernandes (Sal da Terra), Romero Fonseca (Expresso Luz), Rub\u00e3o, Wesley &amp; Marlene, Gladir Cabral, Jo\u00e3o Alexandre, Aristeu Pires, Erlon Lemos, S\u00e9rgio Pereira e o j\u00e1 falecido Jorge Redher. Eu tamb\u00e9m tive o privil\u00e9gio de escrever um dos cap\u00edtulos. Os assuntos discutidos no livro giram em torno de dois temas principais: \u201cA m\u00fasica e o m\u00fasico na Igreja\u201d e \u201cA Igreja como promotora de arte\u201d.<\/p>\n<p>O livro est\u00e1 dispon\u00edvel nas prateleiras das melhores livrarias do pa\u00eds.<\/p>\n","protected":false},"excerpt":{"rendered":"<p>Na semana passada foi realizada a entrega do Pr\u00eamio Aret\u00e9 2010, oferecido aos melhores livros evang\u00e9licos lan\u00e7ados no ano passado. Promovido pela ASEC (Associa\u00e7\u00e3o dos Escritores Crist\u00e3os), a edi\u00e7\u00e3o recebeu 400 inscri\u00e7\u00f5es que concorreram em 30 categorias. Este evento fez parte da programa\u00e7\u00e3o da 21\u00aa Bienal Internacional do Livro, em S\u00e3o Paulo.<br \/>\nPara a minha surpresa [&#8230;]<\/p>\n","protected":false},"author":9,"featured_media":0,"comment_status":"open","ping_status":"open","sticky":false,"template":"","format":"standard","meta":{"footnotes":""},"categories":[116],"tags":[29,4396,4398],"class_list":["post-634","post","type-post","status-publish","format-standard","hentry","category-blog","tag-livro","tag-o-livro-do-som-do-ceu","tag-premio-arete-2010"],"_links":{"self":[{"href":"https:\/\/ultimato.com.br\/sites\/carlinhosveiga\/wp-json\/wp\/v2\/posts\/634","targetHints":{"allow":["GET"]}}],"collection":[{"href":"https:\/\/ultimato.com.br\/sites\/carlinhosveiga\/wp-json\/wp\/v2\/posts"}],"about":[{"href":"https:\/\/ultimato.com.br\/sites\/carlinhosveiga\/wp-json\/wp\/v2\/types\/post"}],"author":[{"embeddable":true,"href":"https:\/\/ultimato.com.br\/sites\/carlinhosveiga\/wp-json\/wp\/v2\/users\/9"}],"replies":[{"embeddable":true,"href":"https:\/\/ultimato.com.br\/sites\/carlinhosveiga\/wp-json\/wp\/v2\/comments?post=634"}],"version-history":[{"count":2,"href":"https:\/\/ultimato.com.br\/sites\/carlinhosveiga\/wp-json\/wp\/v2\/posts\/634\/revisions"}],"predecessor-version":[{"id":637,"href":"https:\/\/ultimato.com.br\/sites\/carlinhosveiga\/wp-json\/wp\/v2\/posts\/634\/revisions\/637"}],"wp:attachment":[{"href":"https:\/\/ultimato.com.br\/sites\/carlinhosveiga\/wp-json\/wp\/v2\/media?parent=634"}],"wp:term":[{"taxonomy":"category","embeddable":true,"href":"https:\/\/ultimato.com.br\/sites\/carlinhosveiga\/wp-json\/wp\/v2\/categories?post=634"},{"taxonomy":"post_tag","embeddable":true,"href":"https:\/\/ultimato.com.br\/sites\/carlinhosveiga\/wp-json\/wp\/v2\/tags?post=634"}],"curies":[{"name":"wp","href":"https:\/\/api.w.org\/{rel}","templated":true}]}}