{"id":584,"date":"2010-08-06T18:49:57","date_gmt":"2010-08-06T21:49:57","guid":{"rendered":"http:\/\/ultimato.com.br\/blogs\/carlinhosveiga\/?p=584"},"modified":"2010-08-06T18:49:57","modified_gmt":"2010-08-06T21:49:57","slug":"ser-pai","status":"publish","type":"post","link":"https:\/\/ultimato.com.br\/sites\/carlinhosveiga\/2010\/08\/06\/ser-pai\/","title":{"rendered":"Ser pai"},"content":{"rendered":"<p>Coelho Neto escreveu que \u201cser m\u00e3e \u00e9 padecer no para\u00edso\u201d. Uma frase po\u00e9tica que mostra dois lados opostos de uma maravilhosa lida: padecimento e satisfa\u00e7\u00e3o. Mas, e ser pai?<\/p>\n<p>Ser pai \u00e9 deter-se diante do mist\u00e9rio da vida e ousar participar dele. \u00c9 experimentar com sua esposa esse processo divino de gerar, de fertilizar, de semear. Depois, regar, cuidar, dar aten\u00e7\u00e3o e sonhar. \u00c9 lan\u00e7ar a semente e colher, nove meses depois, o fruto desse amor, fruto inquietantemente aguardado.<\/p>\n<p>Ser pai \u00e9 aprender o desapego de si mesmo. \u00c9 aprender a domar o selvagem ego\u00edsmo e o \u201ceucentrismo\u201d que urra dentro de n\u00f3s. \u00c9 deixar-se doer de amor por aquela pequenina criatura, parte de voc\u00ea, que fragilmente espera por seu cuidado e por sua aten\u00e7\u00e3o. \u00c9 morrer para seus \u201cpurismos\u201d mais impuros, para renascer genitor.<a href=\"http:\/\/ultimato.com.br\/blogs\/carlinhosveiga\/files\/2010\/08\/pai.jpg\"><img loading=\"lazy\" decoding=\"async\" class=\"alignright size-medium wp-image-585\" title=\"pai\" src=\"http:\/\/ultimato.com.br\/blogs\/carlinhosveiga\/files\/2010\/08\/pai-300x203.jpg\" alt=\"\" width=\"300\" height=\"203\" srcset=\"https:\/\/ultimato.com.br\/sites\/carlinhosveiga\/files\/2010\/08\/pai-300x203.jpg 300w, https:\/\/ultimato.com.br\/sites\/carlinhosveiga\/files\/2010\/08\/pai-150x101.jpg 150w, https:\/\/ultimato.com.br\/sites\/carlinhosveiga\/files\/2010\/08\/pai.jpg 664w\" sizes=\"auto, (max-width: 300px) 100vw, 300px\" \/><\/a><\/p>\n<p>Ser pai \u00e9 aprender que a cumplicidade m\u00e3e e filho \u00e9 algo inestim\u00e1vel e por isso saber colocar-se, principalmente nos primeiros anos do pequenino beb\u00ea, no seu devido lugar. Nesse tempo o pai \u00e9 especialmente protetor e contemplativo da rela\u00e7\u00e3o intensa entre os dois: o que esteve dentro, no \u00fatero, e a que o acolheu, no \u00fatero. O pai, nessa \u00e9poca, \u00e9 algu\u00e9m como que de fora. Faz parte da rela\u00e7\u00e3o, mas n\u00e3o partilha das primeiras revela\u00e7\u00f5es \u00edntimas p\u00f3s-uterinas. \u00c0 medida que os dias avan\u00e7am, integra-se de maneira igualmente intensa e amorosa na rela\u00e7\u00e3o filial. Assim, ser pai \u00e9 saber cuidar sem ser cuidado, descobrir o ritmo do afastar-se e do aproximar-se, isso tudo sem ferir a si mesmo e ao outro, como que tomado pelo desvanecimento da exclus\u00e3o e da inferioridade. Ser pai \u00e9 n\u00e3o exigir para si o protagonismo da hist\u00f3ria da vida.<\/p>\n<p>Ser pai \u00e9 ver os filhos crescendo ao redor e t\u00ea-los como amigos. Todavia, ao mesmo tempo, ser pai \u00e9 n\u00e3o negar-lhes a b\u00ean\u00e7\u00e3o do ensino e da orienta\u00e7\u00e3o, por meio de conversas, beijos, abra\u00e7os, \u201cvaras\u201d e repreens\u00f5es. N\u00e3o repreender com dureza e ternura \u00e9 o mesmo que deixar o filho \u00e0 solta, \u00e0 m\u00edngua, sem par\u00e2metros que o nortear\u00e3o para toda a vida. E o pior, sem essa express\u00e3o de amor jamais a crian\u00e7a conhecer\u00e1 profundamente o Deus que \u00e9 todo amor e todo justi\u00e7a. O pai que se omite na cria\u00e7\u00e3o se omite no amor e no cuidado. O dinheiro pouco pode realizar nessa \u00e1rea do relacionamento.<\/p>\n<p>Ser pai \u00e9 ver o tempo passar velozmente, testemunhar os meninos se tornando mo\u00e7os t\u00e3o belos, t\u00e3o rapidamente e trazer consigo aquele sentimento de incompletude: \u201ceu poderia ter feito mais por eles&#8230;\u201d Ser pai \u00e9 ser assim: totalmente felicidade, totalmente d\u00favida. Ser pai \u00e9 indagar-se no para\u00edso.<\/p>\n","protected":false},"excerpt":{"rendered":"<p>Coelho Neto escreveu que \u201cser m\u00e3e \u00e9 padecer no para\u00edso\u201d. Uma frase po\u00e9tica que mostra dois lados opostos de uma maravilhosa lida: padecimento e satisfa\u00e7\u00e3o. Mas, e ser pai?<br \/>\nSer pai \u00e9 deter-se diante do mist\u00e9rio da vida e ousar participar dele. \u00c9 experimentar com sua esposa esse processo divino de gerar, de fertilizar, de semear. [&#8230;]<\/p>\n","protected":false},"author":9,"featured_media":0,"comment_status":"open","ping_status":"open","sticky":false,"template":"","format":"standard","meta":{"footnotes":""},"categories":[114],"tags":[4068,4069,4067],"class_list":["post-584","post","type-post","status-publish","format-standard","hentry","category-artigos","tag-dia-dos-pais","tag-filhos","tag-pai"],"_links":{"self":[{"href":"https:\/\/ultimato.com.br\/sites\/carlinhosveiga\/wp-json\/wp\/v2\/posts\/584","targetHints":{"allow":["GET"]}}],"collection":[{"href":"https:\/\/ultimato.com.br\/sites\/carlinhosveiga\/wp-json\/wp\/v2\/posts"}],"about":[{"href":"https:\/\/ultimato.com.br\/sites\/carlinhosveiga\/wp-json\/wp\/v2\/types\/post"}],"author":[{"embeddable":true,"href":"https:\/\/ultimato.com.br\/sites\/carlinhosveiga\/wp-json\/wp\/v2\/users\/9"}],"replies":[{"embeddable":true,"href":"https:\/\/ultimato.com.br\/sites\/carlinhosveiga\/wp-json\/wp\/v2\/comments?post=584"}],"version-history":[{"count":2,"href":"https:\/\/ultimato.com.br\/sites\/carlinhosveiga\/wp-json\/wp\/v2\/posts\/584\/revisions"}],"predecessor-version":[{"id":587,"href":"https:\/\/ultimato.com.br\/sites\/carlinhosveiga\/wp-json\/wp\/v2\/posts\/584\/revisions\/587"}],"wp:attachment":[{"href":"https:\/\/ultimato.com.br\/sites\/carlinhosveiga\/wp-json\/wp\/v2\/media?parent=584"}],"wp:term":[{"taxonomy":"category","embeddable":true,"href":"https:\/\/ultimato.com.br\/sites\/carlinhosveiga\/wp-json\/wp\/v2\/categories?post=584"},{"taxonomy":"post_tag","embeddable":true,"href":"https:\/\/ultimato.com.br\/sites\/carlinhosveiga\/wp-json\/wp\/v2\/tags?post=584"}],"curies":[{"name":"wp","href":"https:\/\/api.w.org\/{rel}","templated":true}]}}