{"id":578,"date":"2010-07-28T17:48:31","date_gmt":"2010-07-28T20:48:31","guid":{"rendered":"http:\/\/ultimato.com.br\/blogs\/carlinhosveiga\/?p=578"},"modified":"2010-07-28T17:48:31","modified_gmt":"2010-07-28T20:48:31","slug":"um-dia-de-grandes-emocoes","status":"publish","type":"post","link":"https:\/\/ultimato.com.br\/sites\/carlinhosveiga\/2010\/07\/28\/um-dia-de-grandes-emocoes\/","title":{"rendered":"Um dia de grandes emo\u00e7\u00f5es"},"content":{"rendered":"<p>No \u00faltimo s\u00e1bado, tive a alegria e o privil\u00e9gio de realizar a cerim\u00f4nia de casamento do meu filho Pedro e sua n<a href=\"http:\/\/ultimato.com.br\/blogs\/carlinhosveiga\/files\/2010\/07\/pepri2.jpg\"><img loading=\"lazy\" decoding=\"async\" class=\"alignright size-medium wp-image-579\" title=\"pepri2\" src=\"http:\/\/ultimato.com.br\/blogs\/carlinhosveiga\/files\/2010\/07\/pepri2-200x300.jpg\" alt=\"\" width=\"200\" height=\"300\" srcset=\"https:\/\/ultimato.com.br\/sites\/carlinhosveiga\/files\/2010\/07\/pepri2-200x300.jpg 200w, https:\/\/ultimato.com.br\/sites\/carlinhosveiga\/files\/2010\/07\/pepri2-100x150.jpg 100w, https:\/\/ultimato.com.br\/sites\/carlinhosveiga\/files\/2010\/07\/pepri2.jpg 634w\" sizes=\"auto, (max-width: 200px) 100vw, 200px\" \/><\/a>oiva Priscila. Foi um momento muito emocionante e especial: dois pais realizando o casamento de seus dois filhos. A Priscila \u00e9 filha do Pr Ronaldo Cavalcante e M\u00edriam. A mim coube a responsabilidade de trazer a mensagem; ao Ronaldo os votos matrimoniais e a b\u00ean\u00e7\u00e3o das alian\u00e7as.<\/p>\n<p>Ao final, v\u00e1rias pessoas vieram me pedir o texto que li, uma mensagem baseada no Salmo 18.28: \u201cTu, Senhor, mant\u00e9ns acesa a minha l\u00e2mpada; o meu Deus transforma em luz as minhas trevas\u201d.<\/p>\n<p>Por isso decidi postar aqui no meu site, atendendo aos pedidos e ampliando para outros que possam se interessar pelo tema.<\/p>\n<p>Se quiser l\u00ea-lo na \u00edntegra, clique:<\/p>\n<p>http:\/\/ultimato.com.br\/blogs\/carlinhosveiga\/2010\/07\/28\/mantens-acesa-a-minha-lampada-casamento-do-pedro-e-priscila\/<\/p>\n","protected":false},"excerpt":{"rendered":"<p>No \u00faltimo s\u00e1bado, tive a alegria e o privil\u00e9gio de realizar a cerim\u00f4nia de casamento do meu filho Pedro e sua noiva Priscila. Foi um momento muito emocionante e especial: dois pais realizando o casamento de seus dois filhos. A Priscila \u00e9 filha do Pr Ronaldo Cavalcante e M\u00edriam. A mim coube a responsabilidade de [&#8230;]<\/p>\n","protected":false},"author":9,"featured_media":0,"comment_status":"open","ping_status":"open","sticky":false,"template":"","format":"standard","meta":{"footnotes":""},"categories":[116],"tags":[197,198,199],"class_list":["post-578","post","type-post","status-publish","format-standard","hentry","category-blog","tag-casamento","tag-pedro","tag-priscila"],"_links":{"self":[{"href":"https:\/\/ultimato.com.br\/sites\/carlinhosveiga\/wp-json\/wp\/v2\/posts\/578","targetHints":{"allow":["GET"]}}],"collection":[{"href":"https:\/\/ultimato.com.br\/sites\/carlinhosveiga\/wp-json\/wp\/v2\/posts"}],"about":[{"href":"https:\/\/ultimato.com.br\/sites\/carlinhosveiga\/wp-json\/wp\/v2\/types\/post"}],"author":[{"embeddable":true,"href":"https:\/\/ultimato.com.br\/sites\/carlinhosveiga\/wp-json\/wp\/v2\/users\/9"}],"replies":[{"embeddable":true,"href":"https:\/\/ultimato.com.br\/sites\/carlinhosveiga\/wp-json\/wp\/v2\/comments?post=578"}],"version-history":[{"count":1,"href":"https:\/\/ultimato.com.br\/sites\/carlinhosveiga\/wp-json\/wp\/v2\/posts\/578\/revisions"}],"predecessor-version":[{"id":580,"href":"https:\/\/ultimato.com.br\/sites\/carlinhosveiga\/wp-json\/wp\/v2\/posts\/578\/revisions\/580"}],"wp:attachment":[{"href":"https:\/\/ultimato.com.br\/sites\/carlinhosveiga\/wp-json\/wp\/v2\/media?parent=578"}],"wp:term":[{"taxonomy":"category","embeddable":true,"href":"https:\/\/ultimato.com.br\/sites\/carlinhosveiga\/wp-json\/wp\/v2\/categories?post=578"},{"taxonomy":"post_tag","embeddable":true,"href":"https:\/\/ultimato.com.br\/sites\/carlinhosveiga\/wp-json\/wp\/v2\/tags?post=578"}],"curies":[{"name":"wp","href":"https:\/\/api.w.org\/{rel}","templated":true}]}}