{"id":559,"date":"2010-07-01T11:34:51","date_gmt":"2010-07-01T14:34:51","guid":{"rendered":"http:\/\/ultimato.com.br\/blogs\/carlinhosveiga\/?p=559"},"modified":"2010-07-05T11:40:50","modified_gmt":"2010-07-05T14:40:50","slug":"um-final-de-semana-intenso","status":"publish","type":"post","link":"https:\/\/ultimato.com.br\/sites\/carlinhosveiga\/2010\/07\/01\/um-final-de-semana-intenso\/","title":{"rendered":"Um final de semana intenso"},"content":{"rendered":"<div id=\"attachment_564\" style=\"width: 310px\" class=\"wp-caption alignleft\"><a href=\"http:\/\/ultimato.com.br\/blogs\/carlinhosveiga\/files\/2010\/07\/Banda-TES.jpg\"><img loading=\"lazy\" decoding=\"async\" aria-describedby=\"caption-attachment-564\" class=\"size-medium wp-image-564\" title=\"Banda TES\" src=\"http:\/\/ultimato.com.br\/blogs\/carlinhosveiga\/files\/2010\/07\/Banda-TES-300x199.jpg\" alt=\"\" width=\"300\" height=\"199\" srcset=\"https:\/\/ultimato.com.br\/sites\/carlinhosveiga\/files\/2010\/07\/Banda-TES-300x199.jpg 300w, https:\/\/ultimato.com.br\/sites\/carlinhosveiga\/files\/2010\/07\/Banda-TES-150x99.jpg 150w, https:\/\/ultimato.com.br\/sites\/carlinhosveiga\/files\/2010\/07\/Banda-TES.jpg 1024w\" sizes=\"auto, (max-width: 300px) 100vw, 300px\" \/><\/a><p id=\"caption-attachment-564\" class=\"wp-caption-text\">Banda  TES no Prosa e Canto Festival 2010<\/p><\/div>\n<p>Nesse \u00faltimo final de semana de junho participamos de dois eventos  bem interessantes. O primeiro deles foi o Prosa &amp; Canto Festival, em  sua segunda edi\u00e7\u00e3o, na cidade de An\u00e1polis. O n\u00famero de participantes  surpreendeu a todos. Na noite de sexta, quando nos apresentamos, estavam  ali mais de 300 participantes, curtindo o som de v\u00e1rias bandas, entre  elas: Tess, Walvir, Elen Lara, Josimar Bianchi, Rub\u00e3o, Lu &amp;  DreadZion, \u00cdndio Mesquita e, \u00e9 claro, n\u00f3s.<\/p>\n<p>O Beto  Ribeiro, organizador e idealizador do Prosa e Canto, tem muitos sonhos  com esse evento, pretendendo difundir a cultura em horizontes ampliados,  para al\u00e9m das quatro paredes das igrejas, ou dos arraiais evang\u00e9licos. E  tudo indica que est\u00e1 caminhando bem. Para o pr\u00f3ximo ano, al\u00e9m do  Festival de junho, tem outros planos nos teatros das cidades de Goi\u00e2nia.  Vamos nessa, compadre!<\/p>\n<p>No domingo, estive com a minha  banda no Louva DF, um encontro de artes e artistas promovido pela  Primeira Igreja Batista do Guar\u00e1, em Bras\u00edlia. Um evento novo, em sua  primeira edi\u00e7\u00e3o, mas super organizado. Foram oferecidas v\u00e1rias oficinas,  pr\u00e1ticas de banda, coral, al\u00e9m de palestras voltadas para o tema louvor  e adora\u00e7\u00e3o. O preletor foi o Pr Ian Lima, que trabalhou o tema central  nas tr\u00eas noites. Fui convidado a falar aos participantes no domingo pela  manh\u00e3, al\u00e9m de mostrar o trabalho de m\u00fasica brasileira regional que  realizamos. Escolhi o tema \u201cArtes e Miss\u00e3o\u201d, algo que tenho abordado nas   minhas andan\u00e7as pelo pa\u00eds e que, se tudo der certo, em breve ser\u00e1   transformado num livro.<\/p>\n<div id=\"attachment_560\" style=\"width: 310px\" class=\"wp-caption alignright\"><a href=\"http:\/\/ultimato.com.br\/blogs\/carlinhosveiga\/files\/2010\/07\/IMG_7843.jpg\"><img loading=\"lazy\" decoding=\"async\" aria-describedby=\"caption-attachment-560\" class=\"size-medium wp-image-560 \" title=\"IMG_7843\" src=\"http:\/\/ultimato.com.br\/blogs\/carlinhosveiga\/files\/2010\/07\/IMG_7843-300x225.jpg\" alt=\"\" width=\"300\" height=\"225\" srcset=\"https:\/\/ultimato.com.br\/sites\/carlinhosveiga\/files\/2010\/07\/IMG_7843-300x225.jpg 300w, https:\/\/ultimato.com.br\/sites\/carlinhosveiga\/files\/2010\/07\/IMG_7843-1024x768.jpg 1024w, https:\/\/ultimato.com.br\/sites\/carlinhosveiga\/files\/2010\/07\/IMG_7843-150x112.jpg 150w, https:\/\/ultimato.com.br\/sites\/carlinhosveiga\/files\/2010\/07\/IMG_7843.jpg 2048w\" sizes=\"auto, (max-width: 300px) 100vw, 300px\" \/><\/a><p id=\"caption-attachment-560\" class=\"wp-caption-text\">Grupo  Compromisso e Adora\u00e7\u00e3o no Louva DF<\/p><\/div>\n<p>No Louva DF tive ainda o  privil\u00e9gio de conhecer alguns irm\u00e3os da PIB Curitiba, integrantes do  grupo Compromisso e Adora\u00e7\u00e3o, que ministrou o momento de c\u00e2nticos  durante todo o evento. Eles s\u00e3o refer\u00eancia no que tange a realiza\u00e7\u00e3o de  eventos ligados \u00e0s artes entre os batistas e, por que n\u00e3o dizer, entre  as igrejas brasileiras. O Louva\u00e7\u00e3o se tornou um dos mais respeitados  congressos multiministeriais no pa\u00eds (<a href=\"http:\/\/www.louvacao.com.br\/blog\/\">www.louvacao.com.br\/blog\/<\/a>).<\/p>\n<p>E vamos adiante que temos estrada pela frente&#8230;<\/p>\n","protected":false},"excerpt":{"rendered":"<p>Nesse \u00faltimo final de semana de junho participamos de dois eventos  bem interessantes. O primeiro deles foi o Prosa &amp; Canto Festival, em  sua segunda edi\u00e7\u00e3o, na cidade de An\u00e1polis. O n\u00famero de participantes  surpreendeu a todos. Na noite de sexta, quando nos apresentamos, estavam  ali mais de 300 participantes, curtindo [&#8230;]<\/p>\n","protected":false},"author":9,"featured_media":0,"comment_status":"open","ping_status":"open","sticky":false,"template":"","format":"standard","meta":{"footnotes":""},"categories":[116],"tags":[189,186,188],"class_list":["post-559","post","type-post","status-publish","format-standard","hentry","category-blog","tag-compromisso-e-adoracao","tag-louva-df","tag-prosa-canto-festival"],"_links":{"self":[{"href":"https:\/\/ultimato.com.br\/sites\/carlinhosveiga\/wp-json\/wp\/v2\/posts\/559","targetHints":{"allow":["GET"]}}],"collection":[{"href":"https:\/\/ultimato.com.br\/sites\/carlinhosveiga\/wp-json\/wp\/v2\/posts"}],"about":[{"href":"https:\/\/ultimato.com.br\/sites\/carlinhosveiga\/wp-json\/wp\/v2\/types\/post"}],"author":[{"embeddable":true,"href":"https:\/\/ultimato.com.br\/sites\/carlinhosveiga\/wp-json\/wp\/v2\/users\/9"}],"replies":[{"embeddable":true,"href":"https:\/\/ultimato.com.br\/sites\/carlinhosveiga\/wp-json\/wp\/v2\/comments?post=559"}],"version-history":[{"count":6,"href":"https:\/\/ultimato.com.br\/sites\/carlinhosveiga\/wp-json\/wp\/v2\/posts\/559\/revisions"}],"predecessor-version":[{"id":565,"href":"https:\/\/ultimato.com.br\/sites\/carlinhosveiga\/wp-json\/wp\/v2\/posts\/559\/revisions\/565"}],"wp:attachment":[{"href":"https:\/\/ultimato.com.br\/sites\/carlinhosveiga\/wp-json\/wp\/v2\/media?parent=559"}],"wp:term":[{"taxonomy":"category","embeddable":true,"href":"https:\/\/ultimato.com.br\/sites\/carlinhosveiga\/wp-json\/wp\/v2\/categories?post=559"},{"taxonomy":"post_tag","embeddable":true,"href":"https:\/\/ultimato.com.br\/sites\/carlinhosveiga\/wp-json\/wp\/v2\/tags?post=559"}],"curies":[{"name":"wp","href":"https:\/\/api.w.org\/{rel}","templated":true}]}}