{"id":546,"date":"2010-06-18T12:12:14","date_gmt":"2010-06-18T15:12:14","guid":{"rendered":"http:\/\/ultimato.com.br\/blogs\/carlinhosveiga\/?p=546"},"modified":"2010-06-18T12:12:14","modified_gmt":"2010-06-18T15:12:14","slug":"podcast-13-gladir-cabral","status":"publish","type":"post","link":"https:\/\/ultimato.com.br\/sites\/carlinhosveiga\/2010\/06\/18\/podcast-13-gladir-cabral\/","title":{"rendered":"Podcast #13: Gladir Cabral"},"content":{"rendered":"<p><a href=\"http:\/\/www.gladircabral.com.br\/site\/\" target=\"_blank\"><img loading=\"lazy\" decoding=\"async\" class=\"alignright size-full wp-image-549\" title=\"gladir_cabral\" src=\"http:\/\/ultimato.com.br\/blogs\/carlinhosveiga\/files\/2010\/06\/gladir_cabral.jpg\" alt=\"\" width=\"160\" height=\"158\" srcset=\"https:\/\/ultimato.com.br\/sites\/carlinhosveiga\/files\/2010\/06\/gladir_cabral.jpg 160w, https:\/\/ultimato.com.br\/sites\/carlinhosveiga\/files\/2010\/06\/gladir_cabral-64x64.jpg 64w, https:\/\/ultimato.com.br\/sites\/carlinhosveiga\/files\/2010\/06\/gladir_cabral-150x148.jpg 150w\" sizes=\"auto, (max-width: 160px) 100vw, 160px\" \/><\/a>No podcast # 13 Carlinhos conversa com o cantor e compositor Gladir Cabral sobre o CD <strong>\u00c1gua no Deserto<\/strong>.<\/p>\n<p>Al\u00e9m de escutar algumas faixas, voc\u00ea poder\u00e1 ficar por dentro de como foi a experi\u00eancia de Gladir na grava\u00e7\u00e3o deste \u00e1lbum.<\/p>\n<p><\/p>\n","protected":false},"excerpt":{"rendered":"<p>No podcast # 13 Carlinhos conversa com o cantor e compositor Gladir Cabral sobre o CD \u00c1gua no Deserto, que levou um ano para ser produzido.<\/p>\n","protected":false},"author":4,"featured_media":549,"comment_status":"open","ping_status":"open","sticky":false,"template":"","format":"standard","meta":{"footnotes":""},"categories":[117],"tags":[11,185,184,24323,118],"class_list":["post-546","post","type-post","status-publish","format-standard","has-post-thumbnail","hentry","category-novos-acordes","tag-agua","tag-deserto","tag-gladir-cabral","tag-novos-acordes","tag-podcast"],"_links":{"self":[{"href":"https:\/\/ultimato.com.br\/sites\/carlinhosveiga\/wp-json\/wp\/v2\/posts\/546","targetHints":{"allow":["GET"]}}],"collection":[{"href":"https:\/\/ultimato.com.br\/sites\/carlinhosveiga\/wp-json\/wp\/v2\/posts"}],"about":[{"href":"https:\/\/ultimato.com.br\/sites\/carlinhosveiga\/wp-json\/wp\/v2\/types\/post"}],"author":[{"embeddable":true,"href":"https:\/\/ultimato.com.br\/sites\/carlinhosveiga\/wp-json\/wp\/v2\/users\/4"}],"replies":[{"embeddable":true,"href":"https:\/\/ultimato.com.br\/sites\/carlinhosveiga\/wp-json\/wp\/v2\/comments?post=546"}],"version-history":[{"count":11,"href":"https:\/\/ultimato.com.br\/sites\/carlinhosveiga\/wp-json\/wp\/v2\/posts\/546\/revisions"}],"predecessor-version":[{"id":558,"href":"https:\/\/ultimato.com.br\/sites\/carlinhosveiga\/wp-json\/wp\/v2\/posts\/546\/revisions\/558"}],"wp:featuredmedia":[{"embeddable":true,"href":"https:\/\/ultimato.com.br\/sites\/carlinhosveiga\/wp-json\/wp\/v2\/media\/549"}],"wp:attachment":[{"href":"https:\/\/ultimato.com.br\/sites\/carlinhosveiga\/wp-json\/wp\/v2\/media?parent=546"}],"wp:term":[{"taxonomy":"category","embeddable":true,"href":"https:\/\/ultimato.com.br\/sites\/carlinhosveiga\/wp-json\/wp\/v2\/categories?post=546"},{"taxonomy":"post_tag","embeddable":true,"href":"https:\/\/ultimato.com.br\/sites\/carlinhosveiga\/wp-json\/wp\/v2\/tags?post=546"}],"curies":[{"name":"wp","href":"https:\/\/api.w.org\/{rel}","templated":true}]}}