{"id":458,"date":"2010-04-23T11:32:55","date_gmt":"2010-04-23T14:32:55","guid":{"rendered":"http:\/\/ultimato.com.br\/blogs\/carlinhosveiga\/?p=458"},"modified":"2010-04-23T12:11:59","modified_gmt":"2010-04-23T15:11:59","slug":"podcast-10-banda-de-boca","status":"publish","type":"post","link":"https:\/\/ultimato.com.br\/sites\/carlinhosveiga\/2010\/04\/23\/podcast-10-banda-de-boca\/","title":{"rendered":"Podcast #10: Banda de Boca"},"content":{"rendered":"<p><a href=\"http:\/\/www.bandadeboca.com.br\/\" target=\"_blank\"><img loading=\"lazy\" decoding=\"async\" class=\"alignright size-full wp-image-461\" title=\"Banda de Boca\" src=\"http:\/\/ultimato.com.br\/blogs\/carlinhosveiga\/files\/2010\/04\/banda_boca.jpg\" alt=\"\" width=\"170\" height=\"150\" srcset=\"https:\/\/ultimato.com.br\/sites\/carlinhosveiga\/files\/2010\/04\/banda_boca.jpg 170w, https:\/\/ultimato.com.br\/sites\/carlinhosveiga\/files\/2010\/04\/banda_boca-150x132.jpg 150w\" sizes=\"auto, (max-width: 170px) 100vw, 170px\" \/><\/a>Gravado no Som do C\u00e9u deste ano, o podcast #10 traz para voc\u00eas a Banda de Boca.<\/p>\n<p>Formada por Hiran, J\u00fanior, F\u00e1bio, Neto e Poliana, a banda tem excelente qualidade e t\u00e9cnica vocal.<\/p>\n<p>Conhe\u00e7a agora o CD <strong>MPB pras crian\u00e7as<\/strong>, o trabalho mais recente da Banda de Boca (dezembro de 2009).<\/p>\n<p><\/p>\n","protected":false},"excerpt":{"rendered":"<p>Conhe\u00e7a agora o CD MPB pras crian\u00e7as, o trabalho mais recente da Banda de Boca (dezembro de 2009).<\/p>\n","protected":false},"author":4,"featured_media":461,"comment_status":"open","ping_status":"open","sticky":false,"template":"","format":"standard","meta":{"footnotes":""},"categories":[117],"tags":[148,15,150,24323,118],"class_list":["post-458","post","type-post","status-publish","format-standard","has-post-thumbnail","hentry","category-novos-acordes","tag-banda-de-boca","tag-criancas","tag-mpb","tag-novos-acordes","tag-podcast"],"_links":{"self":[{"href":"https:\/\/ultimato.com.br\/sites\/carlinhosveiga\/wp-json\/wp\/v2\/posts\/458","targetHints":{"allow":["GET"]}}],"collection":[{"href":"https:\/\/ultimato.com.br\/sites\/carlinhosveiga\/wp-json\/wp\/v2\/posts"}],"about":[{"href":"https:\/\/ultimato.com.br\/sites\/carlinhosveiga\/wp-json\/wp\/v2\/types\/post"}],"author":[{"embeddable":true,"href":"https:\/\/ultimato.com.br\/sites\/carlinhosveiga\/wp-json\/wp\/v2\/users\/4"}],"replies":[{"embeddable":true,"href":"https:\/\/ultimato.com.br\/sites\/carlinhosveiga\/wp-json\/wp\/v2\/comments?post=458"}],"version-history":[{"count":13,"href":"https:\/\/ultimato.com.br\/sites\/carlinhosveiga\/wp-json\/wp\/v2\/posts\/458\/revisions"}],"predecessor-version":[{"id":476,"href":"https:\/\/ultimato.com.br\/sites\/carlinhosveiga\/wp-json\/wp\/v2\/posts\/458\/revisions\/476"}],"wp:featuredmedia":[{"embeddable":true,"href":"https:\/\/ultimato.com.br\/sites\/carlinhosveiga\/wp-json\/wp\/v2\/media\/461"}],"wp:attachment":[{"href":"https:\/\/ultimato.com.br\/sites\/carlinhosveiga\/wp-json\/wp\/v2\/media?parent=458"}],"wp:term":[{"taxonomy":"category","embeddable":true,"href":"https:\/\/ultimato.com.br\/sites\/carlinhosveiga\/wp-json\/wp\/v2\/categories?post=458"},{"taxonomy":"post_tag","embeddable":true,"href":"https:\/\/ultimato.com.br\/sites\/carlinhosveiga\/wp-json\/wp\/v2\/tags?post=458"}],"curies":[{"name":"wp","href":"https:\/\/api.w.org\/{rel}","templated":true}]}}