{"id":188,"date":"2009-03-19T11:21:21","date_gmt":"2009-03-19T14:21:21","guid":{"rendered":"http:\/\/ultimato.com.br\/blogs\/carlinhosveiga\/?p=188"},"modified":"2010-03-30T09:20:10","modified_gmt":"2010-03-30T12:20:10","slug":"mata-do-tumba","status":"publish","type":"post","link":"https:\/\/ultimato.com.br\/sites\/carlinhosveiga\/2009\/03\/19\/mata-do-tumba\/","title":{"rendered":"MATA DO TUMB\u00c1"},"content":{"rendered":"<p><strong> <\/strong><\/p>\n<p><a href=\"http:\/\/ultimato.com.br\/blogs\/carlinhosveiga\/files\/2009\/03\/cd_mata_tumba.jpg\"><img loading=\"lazy\" decoding=\"async\" class=\"alignright size-thumbnail wp-image-249\" title=\"cd_mata_tumba\" src=\"http:\/\/ultimato.com.br\/blogs\/carlinhosveiga\/files\/2009\/03\/cd_mata_tumba-150x150.jpg\" alt=\"\" width=\"150\" height=\"150\" srcset=\"https:\/\/ultimato.com.br\/sites\/carlinhosveiga\/files\/2009\/03\/cd_mata_tumba-150x150.jpg 150w, https:\/\/ultimato.com.br\/sites\/carlinhosveiga\/files\/2009\/03\/cd_mata_tumba-64x64.jpg 64w\" sizes=\"auto, (max-width: 150px) 100vw, 150px\" \/><\/a>Nesse trabalho Carlinhos mostrou-se mais amadurecido m\u00fasica e  poeticamente. Realizou um trabalho s\u00e9rio de apura\u00e7\u00e3o de ritmos  regionais, fruto de v\u00e1rias pesquisas. Com esse CD homenageou a miss\u00e3o  Mocidade Para Cristo \u2013 MPC pelos seus 50 anos no Brasil. A grande  inova\u00e7\u00e3o no <em>Mata do Tumb\u00e1<\/em> foi a busca de uma sonoridade ac\u00fastica  mais fiel. Para alcan\u00e7ar esse objetivo, foi imprescind\u00edvel a  participa\u00e7\u00e3o do engenheiro de som Andreiev Kalupniek, um verdadeiro <em>expert<\/em> no assunto. A bateria foi substitu\u00edda por percuss\u00f5es variadas. At\u00e9 o  som do baixol\u00e3o, que figura em v\u00e1rias faixas, foi captado a partir de  microfones. Ritmos como o bumba meu boi, o pagode de viola, a folia de  reis marcaram presen\u00e7a. A faixa <em>Uma vida melhor<\/em> foi gravada tendo  por acompanhamento uma viola de cocho e uma rabeca artesanal,  instrumentos raros no meio musical contempor\u00e2neo. Para esse trabalho,  Carlinhos, que tocou viola caipira, viola de cocho, viol\u00e3o, baixos e  charango, contou com a participa\u00e7\u00e3o de v\u00e1rios m\u00fasicos, entre eles,  Ricardo Amorim (viol\u00f5es), Cl\u00e1udia Barbosa (flauta e vocal), Eline M\u00e1rcia  (vocal), Sandro Ara\u00fajo (percuss\u00e3o), L\u00e9o Barbosa (percuss\u00e3o), Nelsinho  Rios (baixos), Norma L\u00edlian (violoncelo), Kalley Seraine (violino e  rabeca), Romero Fonseca (gaita e voz), Reny Cruvinel (viol\u00e3o e voz),  Cindy Folly (violino), entre outros. O consagrado m\u00fasico H\u00e9lio Delmiro  participou especialmente em 3 faixas, ora com seu viol\u00e3o \u00edmpar, ora com a  viola caipira. Nesse CD Carlinhos incluiu dois temas instrumentais: <em>Mata  do Tumb\u00e1<\/em>, acompanhado por viol\u00f5es, violinos, violas e violoncelo,  fazendo a base para o solo da flauta transversal de Cl\u00e1udia Barbosa; e <em>Cezinha<\/em>,  numa linguagem bem regionalista e melanc\u00f3lica. Esse trabalho teve  produ\u00e7\u00e3o executiva da Esta\u00e7\u00e3o Um, produ\u00e7\u00e3o musical de Carlinhos Veiga e  projeto gr\u00e1fico da Identidade Comunica\u00e7\u00e3o.<strong><br \/>\n<em>Outras informa\u00e7\u00f5es<\/em><\/strong><em>:<br \/>\nAno de produ\u00e7\u00e3o: 2002<br \/>\nTipo da produ\u00e7\u00e3o: CD<br \/>\nGravado, mixado e masterizado no AK Est\u00fadio &#8211; Bras\u00edlia, DF<\/em><\/p>\n","protected":false},"excerpt":{"rendered":"<p>\nNesse trabalho Carlinhos mostrou-se mais amadurecido m\u00fasica e  poeticamente. Realizou um trabalho s\u00e9rio de apura\u00e7\u00e3o de ritmos  regionais, fruto de v\u00e1rias pesquisas. Com esse CD homenageou a miss\u00e3o  Mocidade Para Cristo \u2013 MPC pelos seus 50 anos no Brasil. A grande  inova\u00e7\u00e3o no Mata do Tumb\u00e1 foi a busca de [&#8230;]<\/p>\n","protected":false},"author":7,"featured_media":249,"comment_status":"open","ping_status":"open","sticky":false,"template":"","format":"standard","meta":{"footnotes":""},"categories":[134],"tags":[],"class_list":["post-188","post","type-post","status-publish","format-standard","has-post-thumbnail","hentry","category-discografia"],"_links":{"self":[{"href":"https:\/\/ultimato.com.br\/sites\/carlinhosveiga\/wp-json\/wp\/v2\/posts\/188","targetHints":{"allow":["GET"]}}],"collection":[{"href":"https:\/\/ultimato.com.br\/sites\/carlinhosveiga\/wp-json\/wp\/v2\/posts"}],"about":[{"href":"https:\/\/ultimato.com.br\/sites\/carlinhosveiga\/wp-json\/wp\/v2\/types\/post"}],"author":[{"embeddable":true,"href":"https:\/\/ultimato.com.br\/sites\/carlinhosveiga\/wp-json\/wp\/v2\/users\/7"}],"replies":[{"embeddable":true,"href":"https:\/\/ultimato.com.br\/sites\/carlinhosveiga\/wp-json\/wp\/v2\/comments?post=188"}],"version-history":[{"count":5,"href":"https:\/\/ultimato.com.br\/sites\/carlinhosveiga\/wp-json\/wp\/v2\/posts\/188\/revisions"}],"predecessor-version":[{"id":250,"href":"https:\/\/ultimato.com.br\/sites\/carlinhosveiga\/wp-json\/wp\/v2\/posts\/188\/revisions\/250"}],"wp:featuredmedia":[{"embeddable":true,"href":"https:\/\/ultimato.com.br\/sites\/carlinhosveiga\/wp-json\/wp\/v2\/media\/249"}],"wp:attachment":[{"href":"https:\/\/ultimato.com.br\/sites\/carlinhosveiga\/wp-json\/wp\/v2\/media?parent=188"}],"wp:term":[{"taxonomy":"category","embeddable":true,"href":"https:\/\/ultimato.com.br\/sites\/carlinhosveiga\/wp-json\/wp\/v2\/categories?post=188"},{"taxonomy":"post_tag","embeddable":true,"href":"https:\/\/ultimato.com.br\/sites\/carlinhosveiga\/wp-json\/wp\/v2\/tags?post=188"}],"curies":[{"name":"wp","href":"https:\/\/api.w.org\/{rel}","templated":true}]}}