{"id":1849,"date":"2021-12-15T17:31:56","date_gmt":"2021-12-15T20:31:56","guid":{"rendered":"https:\/\/ultimato.com.br\/sites\/carlinhosveiga\/?p=1849"},"modified":"2021-12-15T17:31:56","modified_gmt":"2021-12-15T20:31:56","slug":"a-viagem-de-bela-um-musical-de-natal","status":"publish","type":"post","link":"https:\/\/ultimato.com.br\/sites\/carlinhosveiga\/2021\/12\/15\/a-viagem-de-bela-um-musical-de-natal\/","title":{"rendered":"A VIAGEM DE BELA \u2013 UM MUSICAL DE NATAL"},"content":{"rendered":"<div id=\"attachment_1848\" style=\"width: 310px\" class=\"wp-caption alignleft\"><a href=\"https:\/\/ultimato.com.br\/sites\/carlinhosveiga\/files\/2021\/12\/ViagemDeBela.jpg\"><img loading=\"lazy\" decoding=\"async\" aria-describedby=\"caption-attachment-1848\" class=\"size-medium wp-image-1848\" src=\"https:\/\/ultimato.com.br\/sites\/carlinhosveiga\/files\/2021\/12\/ViagemDeBela-300x300.jpg\" alt=\"A Viagem de Bela\" width=\"300\" height=\"300\" srcset=\"https:\/\/ultimato.com.br\/sites\/carlinhosveiga\/files\/2021\/12\/ViagemDeBela-300x300.jpg 300w, https:\/\/ultimato.com.br\/sites\/carlinhosveiga\/files\/2021\/12\/ViagemDeBela-1024x1024.jpg 1024w, https:\/\/ultimato.com.br\/sites\/carlinhosveiga\/files\/2021\/12\/ViagemDeBela-150x150.jpg 150w, https:\/\/ultimato.com.br\/sites\/carlinhosveiga\/files\/2021\/12\/ViagemDeBela-768x768.jpg 768w, https:\/\/ultimato.com.br\/sites\/carlinhosveiga\/files\/2021\/12\/ViagemDeBela-1536x1536.jpg 1536w, https:\/\/ultimato.com.br\/sites\/carlinhosveiga\/files\/2021\/12\/ViagemDeBela-732x732.jpg 732w, https:\/\/ultimato.com.br\/sites\/carlinhosveiga\/files\/2021\/12\/ViagemDeBela-1140x1140.jpg 1140w, https:\/\/ultimato.com.br\/sites\/carlinhosveiga\/files\/2021\/12\/ViagemDeBela.jpg 2000w\" sizes=\"auto, (max-width: 300px) 100vw, 300px\" \/><\/a><p id=\"caption-attachment-1848\" class=\"wp-caption-text\">Capa do \u00e1lbum &#8220;A Viagem de Bela&#8221;<\/p><\/div>\n<p>Bela \u00e9 uma menina curiosa e bastante criativa. Ela decide experimentar o Natal de uma forma bem diferente, imaginando como teriam sido aqueles dias memor\u00e1veis. Ser\u00e1 que as estrelas e as \u00e1rvores se juntaram para espiar a serenata feita pelos animais do est\u00e1bulo? Como foi que os pais do filho de Deus cuidaram dele, nas coisas mais simples como o alimentar e o dar banho? Assim \u00e9 \u201cA viagem de Bela\u201d, um musical gravado que \u00e9 uma verdadeira aventura e ajudar\u00e1 a crian\u00e7ada a celebrar o Natal de forma criativa.<\/p>\n<p>O musical foi criado por Vanessa Pinheiro, que assina a autoria de todas as can\u00e7\u00f5es. A produ\u00e7\u00e3o e os arranjos do \u00e1lbum s\u00e3o de Junior Camargo. Essa dupla tem uma longa trajet\u00f3ria musical. Vanessa, com 20 anos de carreira, tem discos lan\u00e7ados no Brasil e exterior, al\u00e9m de bens sucedidas participa\u00e7\u00f5es em festivais. Junior possui grande experi\u00eancia, tendo produzido mais de 300 discos nos seus 30 anos de trabalho. Agora, eles se re\u00fanem para elaborar esse trabalho infantil.<\/p>\n<p>As 10 faixas do \u00e1lbum \u201cA viagem de Bela\u201d contam com a participa\u00e7\u00e3o de um coro infantil. O repert\u00f3rio passeia por v\u00e1rios estilos da World Music, misturando sonoridades tradicionais e contempor\u00e2neas. O lan\u00e7amento est\u00e1 previsto para 17 de dezembro, em todas as plataformas de streaming e incluir\u00e1 os playbacks das can\u00e7\u00f5es. Nesse mesmo dia, \u00e0s 20h, os artistas far\u00e3o uma live no perfil da @cantoravanessapinheiro, no Instagram, para interagir com o p\u00fablico.<\/p>\n","protected":false},"excerpt":{"rendered":"<p>Bela \u00e9 uma menina curiosa e bastante criativa. Ela decide experimentar o Natal de uma forma bem diferente, imaginando como teriam sido aqueles dias memor\u00e1veis. Ser\u00e1 que as estrelas e as \u00e1rvores se juntaram para espiar a serenata feita pelos animais do est\u00e1bulo? Como foi que os pais do filho de Deus cuidaram dele, nas [&#8230;]<\/p>\n","protected":false},"author":9,"featured_media":0,"comment_status":"open","ping_status":"open","sticky":false,"template":"","format":"standard","meta":{"footnotes":""},"categories":[116],"tags":[32401,32403,18,32404,82,32402],"class_list":["post-1849","post","type-post","status-publish","format-standard","hentry","category-blog","tag-a-viagem-de-bela","tag-junior-camargo","tag-musica","tag-musical-infantil","tag-natal","tag-vanessa-pinheiro"],"_links":{"self":[{"href":"https:\/\/ultimato.com.br\/sites\/carlinhosveiga\/wp-json\/wp\/v2\/posts\/1849","targetHints":{"allow":["GET"]}}],"collection":[{"href":"https:\/\/ultimato.com.br\/sites\/carlinhosveiga\/wp-json\/wp\/v2\/posts"}],"about":[{"href":"https:\/\/ultimato.com.br\/sites\/carlinhosveiga\/wp-json\/wp\/v2\/types\/post"}],"author":[{"embeddable":true,"href":"https:\/\/ultimato.com.br\/sites\/carlinhosveiga\/wp-json\/wp\/v2\/users\/9"}],"replies":[{"embeddable":true,"href":"https:\/\/ultimato.com.br\/sites\/carlinhosveiga\/wp-json\/wp\/v2\/comments?post=1849"}],"version-history":[{"count":2,"href":"https:\/\/ultimato.com.br\/sites\/carlinhosveiga\/wp-json\/wp\/v2\/posts\/1849\/revisions"}],"predecessor-version":[{"id":1851,"href":"https:\/\/ultimato.com.br\/sites\/carlinhosveiga\/wp-json\/wp\/v2\/posts\/1849\/revisions\/1851"}],"wp:attachment":[{"href":"https:\/\/ultimato.com.br\/sites\/carlinhosveiga\/wp-json\/wp\/v2\/media?parent=1849"}],"wp:term":[{"taxonomy":"category","embeddable":true,"href":"https:\/\/ultimato.com.br\/sites\/carlinhosveiga\/wp-json\/wp\/v2\/categories?post=1849"},{"taxonomy":"post_tag","embeddable":true,"href":"https:\/\/ultimato.com.br\/sites\/carlinhosveiga\/wp-json\/wp\/v2\/tags?post=1849"}],"curies":[{"name":"wp","href":"https:\/\/api.w.org\/{rel}","templated":true}]}}