{"id":1743,"date":"2019-07-24T18:36:49","date_gmt":"2019-07-24T21:36:49","guid":{"rendered":"http:\/\/ultimato.com.br\/sites\/carlinhosveiga\/?p=1743"},"modified":"2019-07-24T18:40:04","modified_gmt":"2019-07-24T21:40:04","slug":"arte-meio-ambiente-e-fe-crista","status":"publish","type":"post","link":"https:\/\/ultimato.com.br\/sites\/carlinhosveiga\/2019\/07\/24\/arte-meio-ambiente-e-fe-crista\/","title":{"rendered":"Arte, Meio Ambiente e F\u00e9 Crist\u00e3"},"content":{"rendered":"<p>Durante os meses de junho e julho aconteceram duas edi\u00e7\u00f5es do evento \u201cArte, Meio Ambiente e F\u00e9 Crist\u00e3\u201d. A primeira foi em BH, nos dias 14 e 15 de junho. A segunda, em Bras\u00edlia, dias 19 e 20 de julho. Promovido pela Mocidade Para Cristo e a Tearfund, o evento teve como proposta abordar o tema ambiental \u00e0 luz da B\u00edblia, utilizando as artes como meio de express\u00e3o.<\/p>\n<p>A concep\u00e7\u00e3o do \u201cArte, Meio Ambiente e F\u00e9 Crist\u00e3\u201d surgiu ap\u00f3s o cancelamento do tradicional Som do C\u00e9u \u2013 evento art\u00edstico realizado h\u00e1 mais de 30 anos \u2013 dada a amea\u00e7a do rompimento da barragem da Vale em S\u00e3o Sebasti\u00e3o das \u00c1guas Claras (Macacos). O Acampamento da MPC, local onde \u00e9 realizado o Som do C\u00e9u, fica pr\u00f3ximo a este local. Caso rompa a barragem, a lama n\u00e3o alcan\u00e7ar\u00e1 o acampamento. Por\u00e9m, mesmo assim, A MPC e todos os moradores da regi\u00e3o sofrem as imensas consequ\u00eancias desta alarmante situa\u00e7\u00e3o.<\/p>\n<p>A gravidade que vive Minas Gerais, com a amea\u00e7a de rompimento das barragens, \u00e9 apenas um fator dentre in\u00fameros outros que nos mostram como a cria\u00e7\u00e3o tem sido descuidada e desrespeitada pelos seres humanos. Estamos destruindo completamente a nossa casa. Se insistirmos nesse caminho, rumo a um dito progresso desmedido e irrespons\u00e1vel, acabaremos com a cria\u00e7\u00e3o e consequentemente com toda a humanidade.<\/p>\n<p>A tem\u00e1tica ambiental n\u00e3o \u00e9 modismo como muitos pensam, muito menos pode ser tratada como tal. Ela perpassa toda a B\u00edblia \u2013 de G\u00eanesis a Apocalipse. Deus deu ao ser humano a reponsabilidade de cuidar do Jardim e de se alimentar dele. Os crist\u00e3os deveriam ser um exemplo e um modelo desse cuidado. Mas o que se percebe \u00e9 que o tema ambiental n\u00e3o tem tido espa\u00e7o em nossa teologia, n\u00e3o \u00e9 tratada dos p\u00falpitos, muito menos na arte produzida pelos crist\u00e3os \u2013 salvo raras exce\u00e7\u00f5es.<\/p>\n<p>Durante esses dois encontros os presentes foram desafiados pelas palestras do Tim\u00f3teo Carriker, da Raissa Rossiter e Clarice Ziller, pelas mesas redondas formadas por ambientalistas, representantes de ONGs crist\u00e3s e artistas. Fomos inspirados e confrontados pela m\u00fasica de Roberto Diamanso, Gladir Cabral, Erlon Lemos, Carol Gualberto, Rub\u00e3o Lima, Ivan Melo, Expresso Luz, Carlinhos Veiga e os Batucadeiros. Os quadros pintados ao vivo por Anderson Monteiro e Ka\u00edque nos inquietaram. Isso sem contar as exposi\u00e7\u00f5es de artes pl\u00e1sticas e fotos de v\u00e1rios artistas.<\/p>\n<p>Em Belo Horizonte, no s\u00e1bado pela manh\u00e3, o grupo se deslocou para S\u00e3o Sebasti\u00e3o das \u00c1guas Claras e participou de um momento com os moradores das \u00e1reas afetadas e volunt\u00e1rios que trabalham em Brumadinho, Mariana e Macacos. Os testemunhos foram muito impactantes.<\/p>\n<p>Em Bras\u00edlia, no s\u00e1bado pela manh\u00e3, aconteceu o F\u00f3rum Liter\u00e1rio com o tema \u201cO crist\u00e3o e a escrita: texto e contexto\u201d. Um grupo de escritores teve a oportunidade de ouvir os professores Jo\u00e3o Leonel e Gladir Cabral, dialogar com o fim de buscar ferramentas para o aperfei\u00e7oamento de sua arte.<\/p>\n<p>Tudo indica que o evento veio para ficar. Portanto, se voc\u00ea perdeu, inscreva-se na p\u00e1gina do Face: artemeioambientefe. Os pr\u00f3ximos passos desse movimento ser\u00e3o apontados por l\u00e1.<\/p>\n<p>O Arte, Meio Ambiente e F\u00e9 Crist\u00e3 contou com o apoio da Alian\u00e7a Crist\u00e3 Evang\u00e9lica Brasileira, Campanha Renovar o Nosso Mundo, Col\u00e9gio e Faculdade Mackenzie Bras\u00edlia, Editora Ultimato, Igreja Batista da Reden\u00e7\u00e3o (BH), Igreja Presbiteriana do Lago Norte (DF), Instituto Marcos Daniel, Instituto Sebasti\u00e3o, Miqu\u00e9ias Brasil e Vis\u00e3o Mundial.<\/p>\n<div id=\"attachment_1754\" style=\"width: 310px\" class=\"wp-caption alignleft\"><a href=\"http:\/\/ultimato.com.br\/sites\/carlinhosveiga\/files\/2019\/07\/WhatsApp-Image-2019-06-20-at-00.37.29-1.jpeg\"><img loading=\"lazy\" decoding=\"async\" aria-describedby=\"caption-attachment-1754\" class=\"wp-image-1754 size-medium\" src=\"http:\/\/ultimato.com.br\/sites\/carlinhosveiga\/files\/2019\/07\/WhatsApp-Image-2019-06-20-at-00.37.29-1-300x199.jpeg\" alt=\"\" width=\"300\" height=\"199\" srcset=\"https:\/\/ultimato.com.br\/sites\/carlinhosveiga\/files\/2019\/07\/WhatsApp-Image-2019-06-20-at-00.37.29-1-300x199.jpeg 300w, https:\/\/ultimato.com.br\/sites\/carlinhosveiga\/files\/2019\/07\/WhatsApp-Image-2019-06-20-at-00.37.29-1-768x508.jpeg 768w, https:\/\/ultimato.com.br\/sites\/carlinhosveiga\/files\/2019\/07\/WhatsApp-Image-2019-06-20-at-00.37.29-1-1024x678.jpeg 1024w, https:\/\/ultimato.com.br\/sites\/carlinhosveiga\/files\/2019\/07\/WhatsApp-Image-2019-06-20-at-00.37.29-1-732x484.jpeg 732w, https:\/\/ultimato.com.br\/sites\/carlinhosveiga\/files\/2019\/07\/WhatsApp-Image-2019-06-20-at-00.37.29-1-1140x754.jpeg 1140w, https:\/\/ultimato.com.br\/sites\/carlinhosveiga\/files\/2019\/07\/WhatsApp-Image-2019-06-20-at-00.37.29-1.jpeg 1280w\" sizes=\"auto, (max-width: 300px) 100vw, 300px\" \/><\/a><p id=\"caption-attachment-1754\" class=\"wp-caption-text\">Cl\u00e1udia Barbosa e Christian Gillis em BH<\/p><\/div>\n<div id=\"attachment_1755\" style=\"width: 310px\" class=\"wp-caption alignleft\"><a href=\"http:\/\/ultimato.com.br\/sites\/carlinhosveiga\/files\/2019\/07\/WhatsApp-Image-2019-06-20-at-00.38.25.jpeg\"><img loading=\"lazy\" decoding=\"async\" aria-describedby=\"caption-attachment-1755\" class=\"wp-image-1755 size-medium\" src=\"http:\/\/ultimato.com.br\/sites\/carlinhosveiga\/files\/2019\/07\/WhatsApp-Image-2019-06-20-at-00.38.25-300x199.jpeg\" alt=\"\" width=\"300\" height=\"199\" srcset=\"https:\/\/ultimato.com.br\/sites\/carlinhosveiga\/files\/2019\/07\/WhatsApp-Image-2019-06-20-at-00.38.25-300x199.jpeg 300w, https:\/\/ultimato.com.br\/sites\/carlinhosveiga\/files\/2019\/07\/WhatsApp-Image-2019-06-20-at-00.38.25-768x508.jpeg 768w, https:\/\/ultimato.com.br\/sites\/carlinhosveiga\/files\/2019\/07\/WhatsApp-Image-2019-06-20-at-00.38.25-1024x678.jpeg 1024w, https:\/\/ultimato.com.br\/sites\/carlinhosveiga\/files\/2019\/07\/WhatsApp-Image-2019-06-20-at-00.38.25-732x484.jpeg 732w, https:\/\/ultimato.com.br\/sites\/carlinhosveiga\/files\/2019\/07\/WhatsApp-Image-2019-06-20-at-00.38.25-1140x754.jpeg 1140w, https:\/\/ultimato.com.br\/sites\/carlinhosveiga\/files\/2019\/07\/WhatsApp-Image-2019-06-20-at-00.38.25.jpeg 1280w\" sizes=\"auto, (max-width: 300px) 100vw, 300px\" \/><\/a><p id=\"caption-attachment-1755\" class=\"wp-caption-text\">Erlon Lemos em BH<\/p><\/div>\n<div id=\"attachment_1759\" style=\"width: 304px\" class=\"wp-caption alignleft\"><a href=\"http:\/\/ultimato.com.br\/sites\/carlinhosveiga\/files\/2019\/07\/WhatsApp-Image-2019-06-20-at-00.44.38.jpeg\"><img loading=\"lazy\" decoding=\"async\" aria-describedby=\"caption-attachment-1759\" class=\"wp-image-1759 \" src=\"http:\/\/ultimato.com.br\/sites\/carlinhosveiga\/files\/2019\/07\/WhatsApp-Image-2019-06-20-at-00.44.38-300x248.jpeg\" alt=\"\" width=\"294\" height=\"243\" srcset=\"https:\/\/ultimato.com.br\/sites\/carlinhosveiga\/files\/2019\/07\/WhatsApp-Image-2019-06-20-at-00.44.38-300x248.jpeg 300w, https:\/\/ultimato.com.br\/sites\/carlinhosveiga\/files\/2019\/07\/WhatsApp-Image-2019-06-20-at-00.44.38-768x636.jpeg 768w, https:\/\/ultimato.com.br\/sites\/carlinhosveiga\/files\/2019\/07\/WhatsApp-Image-2019-06-20-at-00.44.38-1024x847.jpeg 1024w, https:\/\/ultimato.com.br\/sites\/carlinhosveiga\/files\/2019\/07\/WhatsApp-Image-2019-06-20-at-00.44.38-732x606.jpeg 732w, https:\/\/ultimato.com.br\/sites\/carlinhosveiga\/files\/2019\/07\/WhatsApp-Image-2019-06-20-at-00.44.38-1140x943.jpeg 1140w, https:\/\/ultimato.com.br\/sites\/carlinhosveiga\/files\/2019\/07\/WhatsApp-Image-2019-06-20-at-00.44.38.jpeg 1229w\" sizes=\"auto, (max-width: 294px) 100vw, 294px\" \/><\/a><p id=\"caption-attachment-1759\" class=\"wp-caption-text\">Ivan Melo em BH<\/p><\/div>\n<p>&nbsp;<\/p>\n<div id=\"attachment_1744\" style=\"width: 310px\" class=\"wp-caption alignleft\"><a href=\"http:\/\/ultimato.com.br\/sites\/carlinhosveiga\/files\/2019\/07\/WhatsApp-Image-2019-07-23-at-17.24.15-1.jpeg\"><img loading=\"lazy\" decoding=\"async\" aria-describedby=\"caption-attachment-1744\" class=\"wp-image-1744 size-medium\" src=\"http:\/\/ultimato.com.br\/sites\/carlinhosveiga\/files\/2019\/07\/WhatsApp-Image-2019-07-23-at-17.24.15-1-300x200.jpeg\" alt=\"\" width=\"300\" height=\"200\" srcset=\"https:\/\/ultimato.com.br\/sites\/carlinhosveiga\/files\/2019\/07\/WhatsApp-Image-2019-07-23-at-17.24.15-1-300x200.jpeg 300w, https:\/\/ultimato.com.br\/sites\/carlinhosveiga\/files\/2019\/07\/WhatsApp-Image-2019-07-23-at-17.24.15-1-768x512.jpeg 768w, https:\/\/ultimato.com.br\/sites\/carlinhosveiga\/files\/2019\/07\/WhatsApp-Image-2019-07-23-at-17.24.15-1-1024x682.jpeg 1024w, https:\/\/ultimato.com.br\/sites\/carlinhosveiga\/files\/2019\/07\/WhatsApp-Image-2019-07-23-at-17.24.15-1-732x488.jpeg 732w, https:\/\/ultimato.com.br\/sites\/carlinhosveiga\/files\/2019\/07\/WhatsApp-Image-2019-07-23-at-17.24.15-1-1140x760.jpeg 1140w, https:\/\/ultimato.com.br\/sites\/carlinhosveiga\/files\/2019\/07\/WhatsApp-Image-2019-07-23-at-17.24.15-1.jpeg 1280w\" sizes=\"auto, (max-width: 300px) 100vw, 300px\" \/><\/a><p id=\"caption-attachment-1744\" class=\"wp-caption-text\">Roberto Diamanso em Bras\u00edlia<\/p><\/div>\n<div id=\"attachment_1746\" style=\"width: 310px\" class=\"wp-caption alignleft\"><a href=\"http:\/\/ultimato.com.br\/sites\/carlinhosveiga\/files\/2019\/07\/WhatsApp-Image-2019-07-23-at-17.25.57.jpeg\"><img loading=\"lazy\" decoding=\"async\" aria-describedby=\"caption-attachment-1746\" class=\"wp-image-1746 size-medium\" src=\"http:\/\/ultimato.com.br\/sites\/carlinhosveiga\/files\/2019\/07\/WhatsApp-Image-2019-07-23-at-17.25.57-300x200.jpeg\" alt=\"\" width=\"300\" height=\"200\" srcset=\"https:\/\/ultimato.com.br\/sites\/carlinhosveiga\/files\/2019\/07\/WhatsApp-Image-2019-07-23-at-17.25.57-300x200.jpeg 300w, https:\/\/ultimato.com.br\/sites\/carlinhosveiga\/files\/2019\/07\/WhatsApp-Image-2019-07-23-at-17.25.57-768x512.jpeg 768w, https:\/\/ultimato.com.br\/sites\/carlinhosveiga\/files\/2019\/07\/WhatsApp-Image-2019-07-23-at-17.25.57-1024x682.jpeg 1024w, https:\/\/ultimato.com.br\/sites\/carlinhosveiga\/files\/2019\/07\/WhatsApp-Image-2019-07-23-at-17.25.57-732x488.jpeg 732w, https:\/\/ultimato.com.br\/sites\/carlinhosveiga\/files\/2019\/07\/WhatsApp-Image-2019-07-23-at-17.25.57-1140x760.jpeg 1140w, https:\/\/ultimato.com.br\/sites\/carlinhosveiga\/files\/2019\/07\/WhatsApp-Image-2019-07-23-at-17.25.57.jpeg 1280w\" sizes=\"auto, (max-width: 300px) 100vw, 300px\" \/><\/a><p id=\"caption-attachment-1746\" class=\"wp-caption-text\">Gladir Cabral, Carlinhos Veiga e Banda em Bras\u00edlia<\/p><\/div>\n<div id=\"attachment_1747\" style=\"width: 310px\" class=\"wp-caption alignleft\"><a href=\"http:\/\/ultimato.com.br\/sites\/carlinhosveiga\/files\/2019\/07\/WhatsApp-Image-2019-07-23-at-17.28.56.jpeg\"><img loading=\"lazy\" decoding=\"async\" aria-describedby=\"caption-attachment-1747\" class=\"wp-image-1747 size-medium\" src=\"http:\/\/ultimato.com.br\/sites\/carlinhosveiga\/files\/2019\/07\/WhatsApp-Image-2019-07-23-at-17.28.56-300x200.jpeg\" alt=\"\" width=\"300\" height=\"200\" srcset=\"https:\/\/ultimato.com.br\/sites\/carlinhosveiga\/files\/2019\/07\/WhatsApp-Image-2019-07-23-at-17.28.56-300x200.jpeg 300w, https:\/\/ultimato.com.br\/sites\/carlinhosveiga\/files\/2019\/07\/WhatsApp-Image-2019-07-23-at-17.28.56-768x512.jpeg 768w, https:\/\/ultimato.com.br\/sites\/carlinhosveiga\/files\/2019\/07\/WhatsApp-Image-2019-07-23-at-17.28.56-1024x682.jpeg 1024w, https:\/\/ultimato.com.br\/sites\/carlinhosveiga\/files\/2019\/07\/WhatsApp-Image-2019-07-23-at-17.28.56-732x488.jpeg 732w, https:\/\/ultimato.com.br\/sites\/carlinhosveiga\/files\/2019\/07\/WhatsApp-Image-2019-07-23-at-17.28.56-1140x760.jpeg 1140w, https:\/\/ultimato.com.br\/sites\/carlinhosveiga\/files\/2019\/07\/WhatsApp-Image-2019-07-23-at-17.28.56.jpeg 1280w\" sizes=\"auto, (max-width: 300px) 100vw, 300px\" \/><\/a><p id=\"caption-attachment-1747\" class=\"wp-caption-text\">Clarice Ziller (Vis\u00e3o Mundial) em Bras\u00edlia<\/p><\/div>\n<div id=\"attachment_1748\" style=\"width: 310px\" class=\"wp-caption alignleft\"><a href=\"http:\/\/ultimato.com.br\/sites\/carlinhosveiga\/files\/2019\/07\/WhatsApp-Image-2019-07-23-at-17.32.30.jpeg\"><img loading=\"lazy\" decoding=\"async\" aria-describedby=\"caption-attachment-1748\" class=\"wp-image-1748 size-medium\" src=\"http:\/\/ultimato.com.br\/sites\/carlinhosveiga\/files\/2019\/07\/WhatsApp-Image-2019-07-23-at-17.32.30-300x200.jpeg\" alt=\"\" width=\"300\" height=\"200\" srcset=\"https:\/\/ultimato.com.br\/sites\/carlinhosveiga\/files\/2019\/07\/WhatsApp-Image-2019-07-23-at-17.32.30-300x200.jpeg 300w, https:\/\/ultimato.com.br\/sites\/carlinhosveiga\/files\/2019\/07\/WhatsApp-Image-2019-07-23-at-17.32.30-768x512.jpeg 768w, https:\/\/ultimato.com.br\/sites\/carlinhosveiga\/files\/2019\/07\/WhatsApp-Image-2019-07-23-at-17.32.30-1024x682.jpeg 1024w, https:\/\/ultimato.com.br\/sites\/carlinhosveiga\/files\/2019\/07\/WhatsApp-Image-2019-07-23-at-17.32.30-732x488.jpeg 732w, https:\/\/ultimato.com.br\/sites\/carlinhosveiga\/files\/2019\/07\/WhatsApp-Image-2019-07-23-at-17.32.30-1140x760.jpeg 1140w, https:\/\/ultimato.com.br\/sites\/carlinhosveiga\/files\/2019\/07\/WhatsApp-Image-2019-07-23-at-17.32.30.jpeg 1280w\" sizes=\"auto, (max-width: 300px) 100vw, 300px\" \/><\/a><p id=\"caption-attachment-1748\" class=\"wp-caption-text\">Mesa redonda em Bras\u00edlia<\/p><\/div>\n<div id=\"attachment_1749\" style=\"width: 310px\" class=\"wp-caption alignleft\"><a href=\"http:\/\/ultimato.com.br\/sites\/carlinhosveiga\/files\/2019\/07\/WhatsApp-Image-2019-07-23-at-17.34.27.jpeg\"><img loading=\"lazy\" decoding=\"async\" aria-describedby=\"caption-attachment-1749\" class=\"wp-image-1749 size-medium\" src=\"http:\/\/ultimato.com.br\/sites\/carlinhosveiga\/files\/2019\/07\/WhatsApp-Image-2019-07-23-at-17.34.27-300x200.jpeg\" alt=\"\" width=\"300\" height=\"200\" srcset=\"https:\/\/ultimato.com.br\/sites\/carlinhosveiga\/files\/2019\/07\/WhatsApp-Image-2019-07-23-at-17.34.27-300x200.jpeg 300w, https:\/\/ultimato.com.br\/sites\/carlinhosveiga\/files\/2019\/07\/WhatsApp-Image-2019-07-23-at-17.34.27-768x512.jpeg 768w, https:\/\/ultimato.com.br\/sites\/carlinhosveiga\/files\/2019\/07\/WhatsApp-Image-2019-07-23-at-17.34.27-1024x682.jpeg 1024w, https:\/\/ultimato.com.br\/sites\/carlinhosveiga\/files\/2019\/07\/WhatsApp-Image-2019-07-23-at-17.34.27-732x488.jpeg 732w, https:\/\/ultimato.com.br\/sites\/carlinhosveiga\/files\/2019\/07\/WhatsApp-Image-2019-07-23-at-17.34.27-1140x760.jpeg 1140w, https:\/\/ultimato.com.br\/sites\/carlinhosveiga\/files\/2019\/07\/WhatsApp-Image-2019-07-23-at-17.34.27.jpeg 1280w\" sizes=\"auto, (max-width: 300px) 100vw, 300px\" \/><\/a><p id=\"caption-attachment-1749\" class=\"wp-caption-text\">Rub\u00e3o Lima e banda em Bras\u00edlia<\/p><\/div>\n<div id=\"attachment_1750\" style=\"width: 210px\" class=\"wp-caption alignleft\"><a href=\"http:\/\/ultimato.com.br\/sites\/carlinhosveiga\/files\/2019\/07\/WhatsApp-Image-2019-07-23-at-17.34.30.jpeg\"><img loading=\"lazy\" decoding=\"async\" aria-describedby=\"caption-attachment-1750\" class=\"wp-image-1750 size-medium\" src=\"http:\/\/ultimato.com.br\/sites\/carlinhosveiga\/files\/2019\/07\/WhatsApp-Image-2019-07-23-at-17.34.30-200x300.jpeg\" alt=\"\" width=\"200\" height=\"300\" srcset=\"https:\/\/ultimato.com.br\/sites\/carlinhosveiga\/files\/2019\/07\/WhatsApp-Image-2019-07-23-at-17.34.30-200x300.jpeg 200w, https:\/\/ultimato.com.br\/sites\/carlinhosveiga\/files\/2019\/07\/WhatsApp-Image-2019-07-23-at-17.34.30-768x1152.jpeg 768w, https:\/\/ultimato.com.br\/sites\/carlinhosveiga\/files\/2019\/07\/WhatsApp-Image-2019-07-23-at-17.34.30-682x1024.jpeg 682w, https:\/\/ultimato.com.br\/sites\/carlinhosveiga\/files\/2019\/07\/WhatsApp-Image-2019-07-23-at-17.34.30-732x1098.jpeg 732w, https:\/\/ultimato.com.br\/sites\/carlinhosveiga\/files\/2019\/07\/WhatsApp-Image-2019-07-23-at-17.34.30.jpeg 853w\" sizes=\"auto, (max-width: 200px) 100vw, 200px\" \/><\/a><p id=\"caption-attachment-1750\" class=\"wp-caption-text\">Anderson Monteiro em Bras\u00edlia<\/p><\/div>\n<div id=\"attachment_1751\" style=\"width: 310px\" class=\"wp-caption alignleft\"><a href=\"http:\/\/ultimato.com.br\/sites\/carlinhosveiga\/files\/2019\/07\/WhatsApp-Image-2019-07-23-at-17.34.32.jpeg\"><img loading=\"lazy\" decoding=\"async\" aria-describedby=\"caption-attachment-1751\" class=\"wp-image-1751 size-medium\" src=\"http:\/\/ultimato.com.br\/sites\/carlinhosveiga\/files\/2019\/07\/WhatsApp-Image-2019-07-23-at-17.34.32-300x200.jpeg\" alt=\"\" width=\"300\" height=\"200\" srcset=\"https:\/\/ultimato.com.br\/sites\/carlinhosveiga\/files\/2019\/07\/WhatsApp-Image-2019-07-23-at-17.34.32-300x200.jpeg 300w, https:\/\/ultimato.com.br\/sites\/carlinhosveiga\/files\/2019\/07\/WhatsApp-Image-2019-07-23-at-17.34.32-768x512.jpeg 768w, https:\/\/ultimato.com.br\/sites\/carlinhosveiga\/files\/2019\/07\/WhatsApp-Image-2019-07-23-at-17.34.32-1024x682.jpeg 1024w, https:\/\/ultimato.com.br\/sites\/carlinhosveiga\/files\/2019\/07\/WhatsApp-Image-2019-07-23-at-17.34.32-732x488.jpeg 732w, https:\/\/ultimato.com.br\/sites\/carlinhosveiga\/files\/2019\/07\/WhatsApp-Image-2019-07-23-at-17.34.32-1140x760.jpeg 1140w, https:\/\/ultimato.com.br\/sites\/carlinhosveiga\/files\/2019\/07\/WhatsApp-Image-2019-07-23-at-17.34.32.jpeg 1280w\" sizes=\"auto, (max-width: 300px) 100vw, 300px\" \/><\/a><p id=\"caption-attachment-1751\" class=\"wp-caption-text\">Tim\u00f3teo Carriker em Bras\u00edlia<\/p><\/div>\n<div id=\"attachment_1752\" style=\"width: 310px\" class=\"wp-caption alignleft\"><a href=\"http:\/\/ultimato.com.br\/sites\/carlinhosveiga\/files\/2019\/07\/WhatsApp-Image-2019-07-23-at-17.34.45.jpeg\"><img loading=\"lazy\" decoding=\"async\" aria-describedby=\"caption-attachment-1752\" class=\"wp-image-1752 size-medium\" src=\"http:\/\/ultimato.com.br\/sites\/carlinhosveiga\/files\/2019\/07\/WhatsApp-Image-2019-07-23-at-17.34.45-300x200.jpeg\" alt=\"\" width=\"300\" height=\"200\" srcset=\"https:\/\/ultimato.com.br\/sites\/carlinhosveiga\/files\/2019\/07\/WhatsApp-Image-2019-07-23-at-17.34.45-300x200.jpeg 300w, https:\/\/ultimato.com.br\/sites\/carlinhosveiga\/files\/2019\/07\/WhatsApp-Image-2019-07-23-at-17.34.45-768x512.jpeg 768w, https:\/\/ultimato.com.br\/sites\/carlinhosveiga\/files\/2019\/07\/WhatsApp-Image-2019-07-23-at-17.34.45-1024x682.jpeg 1024w, https:\/\/ultimato.com.br\/sites\/carlinhosveiga\/files\/2019\/07\/WhatsApp-Image-2019-07-23-at-17.34.45-732x488.jpeg 732w, https:\/\/ultimato.com.br\/sites\/carlinhosveiga\/files\/2019\/07\/WhatsApp-Image-2019-07-23-at-17.34.45-1140x760.jpeg 1140w, https:\/\/ultimato.com.br\/sites\/carlinhosveiga\/files\/2019\/07\/WhatsApp-Image-2019-07-23-at-17.34.45.jpeg 1280w\" sizes=\"auto, (max-width: 300px) 100vw, 300px\" \/><\/a><p id=\"caption-attachment-1752\" class=\"wp-caption-text\">Expresso Luz em Bras\u00edlia<\/p><\/div>\n<div id=\"attachment_1756\" style=\"width: 310px\" class=\"wp-caption alignleft\"><a href=\"http:\/\/ultimato.com.br\/sites\/carlinhosveiga\/files\/2019\/07\/WhatsApp-Image-2019-06-20-at-00.43.26.jpeg\"><img loading=\"lazy\" decoding=\"async\" aria-describedby=\"caption-attachment-1756\" class=\"wp-image-1756 size-medium\" src=\"http:\/\/ultimato.com.br\/sites\/carlinhosveiga\/files\/2019\/07\/WhatsApp-Image-2019-06-20-at-00.43.26-300x199.jpeg\" alt=\"\" width=\"300\" height=\"199\" srcset=\"https:\/\/ultimato.com.br\/sites\/carlinhosveiga\/files\/2019\/07\/WhatsApp-Image-2019-06-20-at-00.43.26-300x199.jpeg 300w, https:\/\/ultimato.com.br\/sites\/carlinhosveiga\/files\/2019\/07\/WhatsApp-Image-2019-06-20-at-00.43.26-768x508.jpeg 768w, https:\/\/ultimato.com.br\/sites\/carlinhosveiga\/files\/2019\/07\/WhatsApp-Image-2019-06-20-at-00.43.26-1024x678.jpeg 1024w, https:\/\/ultimato.com.br\/sites\/carlinhosveiga\/files\/2019\/07\/WhatsApp-Image-2019-06-20-at-00.43.26-732x484.jpeg 732w, https:\/\/ultimato.com.br\/sites\/carlinhosveiga\/files\/2019\/07\/WhatsApp-Image-2019-06-20-at-00.43.26-1140x754.jpeg 1140w, https:\/\/ultimato.com.br\/sites\/carlinhosveiga\/files\/2019\/07\/WhatsApp-Image-2019-06-20-at-00.43.26.jpeg 1280w\" sizes=\"auto, (max-width: 300px) 100vw, 300px\" \/><\/a><p id=\"caption-attachment-1756\" class=\"wp-caption-text\">Raissa Rossiter (Vis\u00e3o Mundial) em BH<\/p><\/div>\n<div id=\"attachment_1758\" style=\"width: 310px\" class=\"wp-caption alignleft\"><a href=\"http:\/\/ultimato.com.br\/sites\/carlinhosveiga\/files\/2019\/07\/WhatsApp-Image-2019-06-20-at-00.44.16.jpeg\"><img loading=\"lazy\" decoding=\"async\" aria-describedby=\"caption-attachment-1758\" class=\"wp-image-1758 size-medium\" src=\"http:\/\/ultimato.com.br\/sites\/carlinhosveiga\/files\/2019\/07\/WhatsApp-Image-2019-06-20-at-00.44.16-300x199.jpeg\" alt=\"\" width=\"300\" height=\"199\" srcset=\"https:\/\/ultimato.com.br\/sites\/carlinhosveiga\/files\/2019\/07\/WhatsApp-Image-2019-06-20-at-00.44.16-300x199.jpeg 300w, https:\/\/ultimato.com.br\/sites\/carlinhosveiga\/files\/2019\/07\/WhatsApp-Image-2019-06-20-at-00.44.16-768x508.jpeg 768w, https:\/\/ultimato.com.br\/sites\/carlinhosveiga\/files\/2019\/07\/WhatsApp-Image-2019-06-20-at-00.44.16-1024x678.jpeg 1024w, https:\/\/ultimato.com.br\/sites\/carlinhosveiga\/files\/2019\/07\/WhatsApp-Image-2019-06-20-at-00.44.16-732x484.jpeg 732w, https:\/\/ultimato.com.br\/sites\/carlinhosveiga\/files\/2019\/07\/WhatsApp-Image-2019-06-20-at-00.44.16-1140x754.jpeg 1140w, https:\/\/ultimato.com.br\/sites\/carlinhosveiga\/files\/2019\/07\/WhatsApp-Image-2019-06-20-at-00.44.16.jpeg 1280w\" sizes=\"auto, (max-width: 300px) 100vw, 300px\" \/><\/a><p id=\"caption-attachment-1758\" class=\"wp-caption-text\">Exposi\u00e7\u00e3o de fotos do Instituto Marcos Daniel em BH<\/p><\/div>\n<div id=\"attachment_1760\" style=\"width: 310px\" class=\"wp-caption alignleft\"><a href=\"http:\/\/ultimato.com.br\/sites\/carlinhosveiga\/files\/2019\/07\/WhatsApp-Image-2019-06-20-at-00.38.14-2.jpeg\"><img loading=\"lazy\" decoding=\"async\" aria-describedby=\"caption-attachment-1760\" class=\"wp-image-1760 size-medium\" src=\"http:\/\/ultimato.com.br\/sites\/carlinhosveiga\/files\/2019\/07\/WhatsApp-Image-2019-06-20-at-00.38.14-2-300x199.jpeg\" alt=\"\" width=\"300\" height=\"199\" srcset=\"https:\/\/ultimato.com.br\/sites\/carlinhosveiga\/files\/2019\/07\/WhatsApp-Image-2019-06-20-at-00.38.14-2-300x199.jpeg 300w, https:\/\/ultimato.com.br\/sites\/carlinhosveiga\/files\/2019\/07\/WhatsApp-Image-2019-06-20-at-00.38.14-2-768x508.jpeg 768w, https:\/\/ultimato.com.br\/sites\/carlinhosveiga\/files\/2019\/07\/WhatsApp-Image-2019-06-20-at-00.38.14-2-1024x678.jpeg 1024w, https:\/\/ultimato.com.br\/sites\/carlinhosveiga\/files\/2019\/07\/WhatsApp-Image-2019-06-20-at-00.38.14-2-732x484.jpeg 732w, https:\/\/ultimato.com.br\/sites\/carlinhosveiga\/files\/2019\/07\/WhatsApp-Image-2019-06-20-at-00.38.14-2-1140x754.jpeg 1140w, https:\/\/ultimato.com.br\/sites\/carlinhosveiga\/files\/2019\/07\/WhatsApp-Image-2019-06-20-at-00.38.14-2.jpeg 1280w\" sizes=\"auto, (max-width: 300px) 100vw, 300px\" \/><\/a><p id=\"caption-attachment-1760\" class=\"wp-caption-text\">Carlinhos Veiga em BH<\/p><\/div>\n<div id=\"attachment_1761\" style=\"width: 310px\" class=\"wp-caption alignleft\"><a href=\"http:\/\/ultimato.com.br\/sites\/carlinhosveiga\/files\/2019\/07\/WhatsApp-Image-2019-06-20-at-00.43.55.jpeg\"><img loading=\"lazy\" decoding=\"async\" aria-describedby=\"caption-attachment-1761\" class=\"wp-image-1761 size-medium\" src=\"http:\/\/ultimato.com.br\/sites\/carlinhosveiga\/files\/2019\/07\/WhatsApp-Image-2019-06-20-at-00.43.55-300x179.jpeg\" alt=\"\" width=\"300\" height=\"179\" srcset=\"https:\/\/ultimato.com.br\/sites\/carlinhosveiga\/files\/2019\/07\/WhatsApp-Image-2019-06-20-at-00.43.55-300x179.jpeg 300w, https:\/\/ultimato.com.br\/sites\/carlinhosveiga\/files\/2019\/07\/WhatsApp-Image-2019-06-20-at-00.43.55-768x458.jpeg 768w, https:\/\/ultimato.com.br\/sites\/carlinhosveiga\/files\/2019\/07\/WhatsApp-Image-2019-06-20-at-00.43.55-1024x611.jpeg 1024w, https:\/\/ultimato.com.br\/sites\/carlinhosveiga\/files\/2019\/07\/WhatsApp-Image-2019-06-20-at-00.43.55-732x437.jpeg 732w, https:\/\/ultimato.com.br\/sites\/carlinhosveiga\/files\/2019\/07\/WhatsApp-Image-2019-06-20-at-00.43.55-1140x680.jpeg 1140w, https:\/\/ultimato.com.br\/sites\/carlinhosveiga\/files\/2019\/07\/WhatsApp-Image-2019-06-20-at-00.43.55.jpeg 1280w\" sizes=\"auto, (max-width: 300px) 100vw, 300px\" \/><\/a><p id=\"caption-attachment-1761\" class=\"wp-caption-text\">Mesa redonda em BH<\/p><\/div>\n<div id=\"attachment_1763\" style=\"width: 310px\" class=\"wp-caption alignleft\"><a href=\"http:\/\/ultimato.com.br\/sites\/carlinhosveiga\/files\/2019\/07\/amafc-182.jpg\"><img loading=\"lazy\" decoding=\"async\" aria-describedby=\"caption-attachment-1763\" class=\"wp-image-1763 size-medium\" src=\"http:\/\/ultimato.com.br\/sites\/carlinhosveiga\/files\/2019\/07\/amafc-182-300x200.jpg\" alt=\"\" width=\"300\" height=\"200\" srcset=\"https:\/\/ultimato.com.br\/sites\/carlinhosveiga\/files\/2019\/07\/amafc-182-300x200.jpg 300w, https:\/\/ultimato.com.br\/sites\/carlinhosveiga\/files\/2019\/07\/amafc-182-768x512.jpg 768w, https:\/\/ultimato.com.br\/sites\/carlinhosveiga\/files\/2019\/07\/amafc-182-1024x683.jpg 1024w, https:\/\/ultimato.com.br\/sites\/carlinhosveiga\/files\/2019\/07\/amafc-182-732x488.jpg 732w, https:\/\/ultimato.com.br\/sites\/carlinhosveiga\/files\/2019\/07\/amafc-182-1140x760.jpg 1140w, https:\/\/ultimato.com.br\/sites\/carlinhosveiga\/files\/2019\/07\/amafc-182.jpg 1500w\" sizes=\"auto, (max-width: 300px) 100vw, 300px\" \/><\/a><p id=\"caption-attachment-1763\" class=\"wp-caption-text\">Jo\u00e3o Leonel no F\u00f3rum Liter\u00e1rio em Bras\u00edlia<\/p><\/div>\n<div id=\"attachment_1762\" style=\"width: 310px\" class=\"wp-caption alignleft\"><a href=\"http:\/\/ultimato.com.br\/sites\/carlinhosveiga\/files\/2019\/07\/amafc-167.jpg\"><img loading=\"lazy\" decoding=\"async\" aria-describedby=\"caption-attachment-1762\" class=\"wp-image-1762 size-medium\" src=\"http:\/\/ultimato.com.br\/sites\/carlinhosveiga\/files\/2019\/07\/amafc-167-300x200.jpg\" alt=\"\" width=\"300\" height=\"200\" srcset=\"https:\/\/ultimato.com.br\/sites\/carlinhosveiga\/files\/2019\/07\/amafc-167-300x200.jpg 300w, https:\/\/ultimato.com.br\/sites\/carlinhosveiga\/files\/2019\/07\/amafc-167-768x512.jpg 768w, https:\/\/ultimato.com.br\/sites\/carlinhosveiga\/files\/2019\/07\/amafc-167-1024x683.jpg 1024w, https:\/\/ultimato.com.br\/sites\/carlinhosveiga\/files\/2019\/07\/amafc-167-732x488.jpg 732w, https:\/\/ultimato.com.br\/sites\/carlinhosveiga\/files\/2019\/07\/amafc-167-1140x760.jpg 1140w, https:\/\/ultimato.com.br\/sites\/carlinhosveiga\/files\/2019\/07\/amafc-167.jpg 1500w\" sizes=\"auto, (max-width: 300px) 100vw, 300px\" \/><\/a><p id=\"caption-attachment-1762\" class=\"wp-caption-text\">Rodrigo Ara\u00fajo (MPC) em Bras\u00edlia<\/p><\/div>\n<div id=\"attachment_1764\" style=\"width: 310px\" class=\"wp-caption alignleft\"><a href=\"http:\/\/ultimato.com.br\/sites\/carlinhosveiga\/files\/2019\/07\/amafc-185.jpg\"><img loading=\"lazy\" decoding=\"async\" aria-describedby=\"caption-attachment-1764\" class=\"wp-image-1764 size-medium\" src=\"http:\/\/ultimato.com.br\/sites\/carlinhosveiga\/files\/2019\/07\/amafc-185-300x200.jpg\" alt=\"\" width=\"300\" height=\"200\" srcset=\"https:\/\/ultimato.com.br\/sites\/carlinhosveiga\/files\/2019\/07\/amafc-185-300x200.jpg 300w, https:\/\/ultimato.com.br\/sites\/carlinhosveiga\/files\/2019\/07\/amafc-185-768x512.jpg 768w, https:\/\/ultimato.com.br\/sites\/carlinhosveiga\/files\/2019\/07\/amafc-185-1024x683.jpg 1024w, https:\/\/ultimato.com.br\/sites\/carlinhosveiga\/files\/2019\/07\/amafc-185-732x488.jpg 732w, https:\/\/ultimato.com.br\/sites\/carlinhosveiga\/files\/2019\/07\/amafc-185-1140x760.jpg 1140w, https:\/\/ultimato.com.br\/sites\/carlinhosveiga\/files\/2019\/07\/amafc-185.jpg 1500w\" sizes=\"auto, (max-width: 300px) 100vw, 300px\" \/><\/a><p id=\"caption-attachment-1764\" class=\"wp-caption-text\">F\u00f3rum liter\u00e1rio em Bras\u00edlia<\/p><\/div>\n","protected":false},"excerpt":{"rendered":"<p>Durante os meses de junho e julho aconteceram duas edi\u00e7\u00f5es do evento \u201cArte, Meio Ambiente e F\u00e9 Crist\u00e3\u201d. A primeira foi em BH, nos dias 14 e 15 de junho. A segunda, em Bras\u00edlia, dias 19 e 20 de julho. Promovido pela Mocidade Para Cristo e a Tearfund, o evento teve como proposta abordar o [&#8230;]<\/p>\n","protected":false},"author":9,"featured_media":1766,"comment_status":"open","ping_status":"open","sticky":false,"template":"","format":"standard","meta":{"footnotes":""},"categories":[116],"tags":[33,5275,6418,10363,165,32399,37],"class_list":["post-1743","post","type-post","status-publish","format-standard","has-post-thumbnail","hentry","category-blog","tag-arte","tag-belo-horizonte","tag-brasilia","tag-fe-crista","tag-meio-ambiente","tag-mocidade-para-cristo","tag-tearfund"],"_links":{"self":[{"href":"https:\/\/ultimato.com.br\/sites\/carlinhosveiga\/wp-json\/wp\/v2\/posts\/1743","targetHints":{"allow":["GET"]}}],"collection":[{"href":"https:\/\/ultimato.com.br\/sites\/carlinhosveiga\/wp-json\/wp\/v2\/posts"}],"about":[{"href":"https:\/\/ultimato.com.br\/sites\/carlinhosveiga\/wp-json\/wp\/v2\/types\/post"}],"author":[{"embeddable":true,"href":"https:\/\/ultimato.com.br\/sites\/carlinhosveiga\/wp-json\/wp\/v2\/users\/9"}],"replies":[{"embeddable":true,"href":"https:\/\/ultimato.com.br\/sites\/carlinhosveiga\/wp-json\/wp\/v2\/comments?post=1743"}],"version-history":[{"count":1,"href":"https:\/\/ultimato.com.br\/sites\/carlinhosveiga\/wp-json\/wp\/v2\/posts\/1743\/revisions"}],"predecessor-version":[{"id":1765,"href":"https:\/\/ultimato.com.br\/sites\/carlinhosveiga\/wp-json\/wp\/v2\/posts\/1743\/revisions\/1765"}],"wp:featuredmedia":[{"embeddable":true,"href":"https:\/\/ultimato.com.br\/sites\/carlinhosveiga\/wp-json\/wp\/v2\/media\/1766"}],"wp:attachment":[{"href":"https:\/\/ultimato.com.br\/sites\/carlinhosveiga\/wp-json\/wp\/v2\/media?parent=1743"}],"wp:term":[{"taxonomy":"category","embeddable":true,"href":"https:\/\/ultimato.com.br\/sites\/carlinhosveiga\/wp-json\/wp\/v2\/categories?post=1743"},{"taxonomy":"post_tag","embeddable":true,"href":"https:\/\/ultimato.com.br\/sites\/carlinhosveiga\/wp-json\/wp\/v2\/tags?post=1743"}],"curies":[{"name":"wp","href":"https:\/\/api.w.org\/{rel}","templated":true}]}}